{"id":1157996,"date":"2026-08-30T20:51:34","date_gmt":"2026-08-30T20:51:34","guid":{"rendered":"https:\/\/www.europesays.com\/fr\/1157996\/"},"modified":"2026-08-30T20:51:34","modified_gmt":"2026-08-30T20:51:34","slug":"saint-etienne-elle-se-pensait-en-securite-chez-elle-entre-par-la-fenetre-du-4e-etage-le-voleur-condamne","status":"publish","type":"post","link":"https:\/\/www.europesays.com\/fr\/1157996\/","title":{"rendered":"Saint-\u00c9tienne. \u00ab\u00a0Elle se pensait en s\u00e9curit\u00e9 chez elle\u00a0\u00bb\u00a0: entr\u00e9 par la fen\u00eatre du 4e \u00e9tage, le voleur condamn\u00e9"},"content":{"rendered":"<p>\u00c0 l\u2019audience, l\u2019avocate de cette jeune femme fr\u00e9mit encore. \u00ab\u00a0Ma cliente habite au quatri\u00e8me \u00e9tage. Sa terrasse n\u2019est pas accessible depuis l\u2019ext\u00e9rieur, elle se croyait en s\u00e9curit\u00e9. On imagine son angoisse incommensurable\u2026\u00a0\u00bb<\/p>\n<p>En effet. Un jour de juillet, \u00e0 5 heures du matin, l\u2019occupante d\u2019un appartement situ\u00e9 place de l\u2019H\u00f4tel-de-Ville \u00e0 Saint-Etienne se retrouve nez \u00e0 nez avec un homme torse nu. Il tient entre ses mains l\u2019ordinateur et le portefeuille de la jeune femme.<\/p>\n<p>\u00c0 la barre du tribunal correctionnel, la&#8230;<\/p>\n","protected":false},"excerpt":{"rendered":"\u00c0 l\u2019audience, l\u2019avocate de cette jeune femme fr\u00e9mit encore. \u00ab\u00a0Ma cliente habite au quatri\u00e8me \u00e9tage. Sa terrasse n\u2019est&hellip;\n","protected":false},"author":2,"featured_media":1157997,"comment_status":"","ping_status":"","sticky":false,"template":"","format":"standard","meta":{"footnotes":"","_share_on_mastodon":"0"},"categories":[9653],"tags":[1111,11,2430,271,272,7539,1777,674,274,107,1011,27,3367,12,25,4001,7538],"class_list":["post-1157996","post","type-post","status-publish","format-standard","has-post-thumbnail","category-saint-etienne","tag-actu","tag-actualites","tag-auvergne-rhone-alpes","tag-crime","tag-delit-et-contravention","tag-edition-loire-sud","tag-eu","tag-europe","tag-faits-divers-justice","tag-fil-info","tag-fr","tag-france","tag-loire","tag-news","tag-republique-francaise","tag-saint-etienne","tag-saint-etienne-ville"],"share_on_mastodon":{"url":"https:\/\/pubeurope.com\/@fr\/117186441141864048","error":""},"_links":{"self":[{"href":"https:\/\/www.europesays.com\/fr\/wp-json\/wp\/v2\/posts\/1157996","targetHints":{"allow":["GET"]}}],"collection":[{"href":"https:\/\/www.europesays.com\/fr\/wp-json\/wp\/v2\/posts"}],"about":[{"href":"https:\/\/www.europesays.com\/fr\/wp-json\/wp\/v2\/types\/post"}],"author":[{"embeddable":true,"href":"https:\/\/www.europesays.com\/fr\/wp-json\/wp\/v2\/users\/2"}],"replies":[{"embeddable":true,"href":"https:\/\/www.europesays.com\/fr\/wp-json\/wp\/v2\/comments?post=1157996"}],"version-history":[{"count":0,"href":"https:\/\/www.europesays.com\/fr\/wp-json\/wp\/v2\/posts\/1157996\/revisions"}],"wp:featuredmedia":[{"embeddable":true,"href":"https:\/\/www.europesays.com\/fr\/wp-json\/wp\/v2\/media\/1157997"}],"wp:attachment":[{"href":"https:\/\/www.europesays.com\/fr\/wp-json\/wp\/v2\/media?parent=1157996"}],"wp:term":[{"taxonomy":"category","embeddable":true,"href":"https:\/\/www.europesays.com\/fr\/wp-json\/wp\/v2\/categories?post=1157996"},{"taxonomy":"post_tag","embeddable":true,"href":"https:\/\/www.europesays.com\/fr\/wp-json\/wp\/v2\/tags?post=1157996"}],"curies":[{"name":"wp","href":"https:\/\/api.w.org\/{rel}","templated":true}]}}