{"id":115800,"date":"2025-05-21T02:39:11","date_gmt":"2025-05-21T02:39:11","guid":{"rendered":"https:\/\/www.europesays.com\/fr\/115800\/"},"modified":"2025-05-21T02:39:11","modified_gmt":"2025-05-21T02:39:11","slug":"au-festival-des-tragedies-mythes-anciens-et-contemporain","status":"publish","type":"post","link":"https:\/\/www.europesays.com\/fr\/115800\/","title":{"rendered":"Au Festival des Trag\u00e9dies, mythes anciens et contemporain"},"content":{"rendered":"<p><strong>Au sein des sublimes ar\u00e8nes de Cimiez, devenues \u00ab\u00a0Ar\u00e8ne des c\u0153urs\u00a0\u00bb, Muriel Mayette-Holtz lance la deuxi\u00e8me \u00e9dition du festival ni\u00e7ois, qui a obtenu l\u2019an dernier un beau succ\u00e8s. Un th\u00e9\u00e2tre de chair, de souffle, o\u00f9 se contemplent les vacillements de l\u2019\u00eatre humain. <\/strong><\/p>\n<p>\u00c0 la t\u00eate du Th\u00e9\u00e2tre National de Nice, Muriel Mayette-Holtz a eu la bonne id\u00e9e de cr\u00e9er ce rendez-vous de la pens\u00e9e et de l\u2019\u00e9motion sur la colline de Cimiez, dans l\u2019amphith\u00e9\u00e2tre bord\u00e9 de micocouliers au sein du site arch\u00e9ologique. Alors que le monde ploie sous la douleur et la cupidit\u00e9, la beaut\u00e9 de la trag\u00e9die, qui met en forme les tourments de l\u2019\u00e2me et l\u2019avanc\u00e9e vers le pire, ne peut que saisir et toucher les artistes et les publics. \u00ab\u00a0Entendre ces textes fait vibrer en nous une r\u00e9sonance puissante, intime, loin de notre superficialit\u00e9 quotidienne.\u00a0\u00bb confiait l\u2019an dernier dans nos colonnes la metteuse en sc\u00e8ne. En \u00e9cho \u00e0 la Confe\u0301rence des Nations-Unies sur l\u2019Oce\u0301an qui se tient a\u0300 Nice du 9 au 13 juin, elle a d\u00e9cid\u00e9 d\u2019adapter le c\u00e9l\u00e8bre roman d\u2019Hemingway Le Vieil Homme et la mer, \u00e9pop\u00e9e maritime d\u2019un p\u00eacheur happ\u00e9 par une qu\u00eate absolue. Il est interpr\u00e9t\u00e9 par Laurent Pr\u00e9vot, qui vient de rejoindre la troupe du Th\u00e9\u00e2tre ni\u00e7ois, aux c\u00f4t\u00e9s d\u2019Armand Pitot. \u00ab\u00a0C\u2019est un chant d\u2019amour, un hymne a\u0300 la dignite\u0301, au courage et au respect que nous devons a\u0300 cet horizon mouvant, a\u0300 cette Me\u0301diterrane\u0301e nourricie\u0300re et impitoyable.\u00a0\u00bb souligne Muriel Mayette-Holtz.<\/p>\n<p><strong>Mythologies et trag\u00e9dies contemporaines <\/strong><\/p>\n<p>Dans la mise en sc\u00e8ne d\u2019Alexandra Tobela\u00efm, Abysses de l\u2019auteur sicilien Davide Enia est reli\u00e9e \u00e0 la M\u00e9diterran\u00e9e par une trag\u00e9die contemporaine bien r\u00e9elle, celle des migrants qui y perdent la vie. Il leur donne voix ainsi qu\u2019\u00e0 ceux qui les sauvent, dans un texte \u00e9mouvant remarquablement port\u00e9 par Solal Bouloudnine. Autre trag\u00e9die contemporaine, \u00e9tonnamment d\u00e9laiss\u00e9e par le monde culturel et jusqu\u2019ici absente de nos sc\u00e8nes, celle de l\u2019assassinat de Samuel Paty en octobre 2020. Le Professeur d\u2019\u00c9milie Fr\u00e8che retrace de mani\u00e8re saisissante et pointue les dix jours qui ont pr\u00e9c\u00e9d\u00e9 le drame, mettant \u00e0 nu un implacable engrenage. C\u2019est Carole Bouquet qui interpr\u00e8te cette lecture-performance polyphonique, \u00e9clairante et essentielle. Apr\u00e8s la mise en sc\u00e8ne de Ph\u00e8dre par Muriel Mayette-Holtz l\u2019an dernier, le festival accueille celle de Robin Renucci, qui met en lumi\u00e8re \u00ab\u00a0un point de vue trop souvent \u00e9clips\u00e9\u00a0: celui d\u2019Hippolyte\u00a0\u00bb, qui incarne l\u2019innocence sacrifi\u00e9e. Mythes antiques \u00e0 nouveau avec l\u2019excellent Iliade de Pauline Bayle, qui adapte l\u2019\u00e9pop\u00e9e hom\u00e9rique avec talent et \u00e9claire la dimension humaine des c\u00e9l\u00e8bres protagonistes grecs et troyens. Autre reprise, Portrait de famille, une histoire des Atrides de Jean-Fran\u00e7ois Sivadier, r\u00e9\u00e9criture d\u2019apr\u00e8s Euripide, Eschyle et Sophocle d\u2019une mythologie meurtri\u00e8re et d\u00e9mesur\u00e9e o\u00f9 alternent com\u00e9die et trag\u00e9die. Comme l\u2019\u00e9voque la directrice du Th\u00e9\u00e2tre national de Nice, le festival est habit\u00e9 par une n\u00e9cessit\u00e9\u00a0: \u00ab\u00a0faire entendre la trage\u0301die, non comme un de\u0301tour nostalgique, mais comme un chemin de ve\u0301rite\u0301\u00a0\u00bb.<\/p>\n<p>Agn\u00e8s Santi<\/p>\n","protected":false},"excerpt":{"rendered":"Au sein des sublimes ar\u00e8nes de Cimiez, devenues \u00ab\u00a0Ar\u00e8ne des c\u0153urs\u00a0\u00bb, Muriel Mayette-Holtz lance la deuxi\u00e8me \u00e9dition du&hellip;\n","protected":false},"author":2,"featured_media":115801,"comment_status":"","ping_status":"","sticky":false,"template":"","format":"standard","meta":{"footnotes":""},"categories":[2819],"tags":[1111,11,2973,1777,674,849,23607,1011,27,12,2401,882,25,23608],"class_list":{"0":"post-115800","1":"post","2":"type-post","3":"status-publish","4":"format-standard","5":"has-post-thumbnail","7":"category-nice","8":"tag-actu","9":"tag-actualites","10":"tag-cimiez","11":"tag-eu","12":"tag-europe","13":"tag-festival","14":"tag-festival-des-tragedies","15":"tag-fr","16":"tag-france","17":"tag-news","18":"tag-nice","19":"tag-provence-alpes-cote-dazur","20":"tag-republique-francaise","21":"tag-theatre-de-nice"},"share_on_mastodon":{"url":"https:\/\/pubeurope.com\/@fr\/114543510366742661","error":""},"_links":{"self":[{"href":"https:\/\/www.europesays.com\/fr\/wp-json\/wp\/v2\/posts\/115800","targetHints":{"allow":["GET"]}}],"collection":[{"href":"https:\/\/www.europesays.com\/fr\/wp-json\/wp\/v2\/posts"}],"about":[{"href":"https:\/\/www.europesays.com\/fr\/wp-json\/wp\/v2\/types\/post"}],"author":[{"embeddable":true,"href":"https:\/\/www.europesays.com\/fr\/wp-json\/wp\/v2\/users\/2"}],"replies":[{"embeddable":true,"href":"https:\/\/www.europesays.com\/fr\/wp-json\/wp\/v2\/comments?post=115800"}],"version-history":[{"count":0,"href":"https:\/\/www.europesays.com\/fr\/wp-json\/wp\/v2\/posts\/115800\/revisions"}],"wp:featuredmedia":[{"embeddable":true,"href":"https:\/\/www.europesays.com\/fr\/wp-json\/wp\/v2\/media\/115801"}],"wp:attachment":[{"href":"https:\/\/www.europesays.com\/fr\/wp-json\/wp\/v2\/media?parent=115800"}],"wp:term":[{"taxonomy":"category","embeddable":true,"href":"https:\/\/www.europesays.com\/fr\/wp-json\/wp\/v2\/categories?post=115800"},{"taxonomy":"post_tag","embeddable":true,"href":"https:\/\/www.europesays.com\/fr\/wp-json\/wp\/v2\/tags?post=115800"}],"curies":[{"name":"wp","href":"https:\/\/api.w.org\/{rel}","templated":true}]}}