{"id":1158002,"date":"2026-08-30T20:56:29","date_gmt":"2026-08-30T20:56:29","guid":{"rendered":"https:\/\/www.europesays.com\/fr\/1158002\/"},"modified":"2026-08-30T20:56:29","modified_gmt":"2026-08-30T20:56:29","slug":"nancy-sur-quelle-chaine-et-a-quelle-heure-ligue-2-5","status":"publish","type":"post","link":"https:\/\/www.europesays.com\/fr\/1158002\/","title":{"rendered":"Nancy : Sur quelle cha\u00eene et \u00e0 quelle heure ? (Ligue 2)"},"content":{"rendered":"<p>Bienvenue sur le direct de <strong>Livefoot<\/strong> pour suivre ce match de football en direct entre <strong>Nantes<\/strong> et <strong>Nancy<\/strong> (Ligue 2 (Journ\u00e9e 5)).<\/p>\n<p>Le coup d&rsquo;envoi de ce match au Stade de la Beaujoire &#8211; Louis Fonteneau sera donn\u00e9 le <strong>Lundi 7 septembre 2026 \u00e0 20h45<\/strong>.<\/p>\n<p>La rencontre sera diffus\u00e9e en direct sur <strong>beIN SPORTS<\/strong>.<\/p>\n<p>Avant la rencontre, <strong>Nantes<\/strong> est class\u00e9 \u00e0 la 18\u00e8me place du championnat et <strong>Nancy<\/strong> \u00e0 la 5\u00e8me.<\/p>\n<p>Lors des 9 derni\u00e8res rencontres, <strong>Nantes<\/strong> a remport\u00e9 <strong>2<\/strong> victoire(s), contre <strong>5<\/strong> succ\u00e8s pour <strong>Nancy<\/strong> (et 2 match(s) nul(s)).<\/p>\n<p>Vous pouvez aussi retrouver plus d\u2019informations concernant les \u00e9quipes et effectifs gr\u00e2ce \u00e0 nos fiches d\u00e9taill\u00e9es : <a href=\"https:\/\/www.livefoot.fr\/france\/club-football\/fc-nantes-atlantique.php\" rel=\"nofollow noopener\" target=\"_blank\">Nantes<\/a> et <a href=\"https:\/\/www.livefoot.fr\/france\/ligue1\/as-nancy-lorraine.php\" rel=\"nofollow noopener\" target=\"_blank\">Nancy<\/a>.<\/p>\n","protected":false},"excerpt":{"rendered":"Bienvenue sur le direct de Livefoot pour suivre ce match de football en direct entre Nantes et Nancy&hellip;\n","protected":false},"author":2,"featured_media":750854,"comment_status":"","ping_status":"","sticky":false,"template":"","format":"standard","meta":{"footnotes":"","_share_on_mastodon":"0"},"categories":[9635],"tags":[1111,11,1777,674,1011,27,775,1702,12,25],"class_list":["post-1158002","post","type-post","status-publish","format-standard","has-post-thumbnail","category-nancy","tag-actu","tag-actualites","tag-eu","tag-europe","tag-fr","tag-france","tag-grand-est","tag-nancy","tag-news","tag-republique-francaise"],"share_on_mastodon":{"url":"https:\/\/pubeurope.com\/@fr\/117186460792149023","error":""},"_links":{"self":[{"href":"https:\/\/www.europesays.com\/fr\/wp-json\/wp\/v2\/posts\/1158002","targetHints":{"allow":["GET"]}}],"collection":[{"href":"https:\/\/www.europesays.com\/fr\/wp-json\/wp\/v2\/posts"}],"about":[{"href":"https:\/\/www.europesays.com\/fr\/wp-json\/wp\/v2\/types\/post"}],"author":[{"embeddable":true,"href":"https:\/\/www.europesays.com\/fr\/wp-json\/wp\/v2\/users\/2"}],"replies":[{"embeddable":true,"href":"https:\/\/www.europesays.com\/fr\/wp-json\/wp\/v2\/comments?post=1158002"}],"version-history":[{"count":0,"href":"https:\/\/www.europesays.com\/fr\/wp-json\/wp\/v2\/posts\/1158002\/revisions"}],"wp:featuredmedia":[{"embeddable":true,"href":"https:\/\/www.europesays.com\/fr\/wp-json\/wp\/v2\/media\/750854"}],"wp:attachment":[{"href":"https:\/\/www.europesays.com\/fr\/wp-json\/wp\/v2\/media?parent=1158002"}],"wp:term":[{"taxonomy":"category","embeddable":true,"href":"https:\/\/www.europesays.com\/fr\/wp-json\/wp\/v2\/categories?post=1158002"},{"taxonomy":"post_tag","embeddable":true,"href":"https:\/\/www.europesays.com\/fr\/wp-json\/wp\/v2\/tags?post=1158002"}],"curies":[{"name":"wp","href":"https:\/\/api.w.org\/{rel}","templated":true}]}}