{"id":1158009,"date":"2026-08-30T21:07:52","date_gmt":"2026-08-30T21:07:52","guid":{"rendered":"https:\/\/www.europesays.com\/fr\/1158009\/"},"modified":"2026-08-30T21:07:52","modified_gmt":"2026-08-30T21:07:52","slug":"meteo-quel-temps-est-il-prevu-a-grenoble-et-ses-environs-le-samedi-29-aout-2026","status":"publish","type":"post","link":"https:\/\/www.europesays.com\/fr\/1158009\/","title":{"rendered":"M\u00e9t\u00e9o. Quel temps est-il pr\u00e9vu \u00e0 Grenoble et ses environs le samedi 29 ao\u00fbt 2026 ?"},"content":{"rendered":"<p data-ofstats-scroll=\"read_depth_20\">La matin\u00e9e d\u00e9butera sous un ciel parfaitement d\u00e9gag\u00e9, avec une temp\u00e9rature stable autour de 17 \u00b0C et un vent quasi nul, avant qu\u2019une brise d\u2019est-sud-est \u00e0 5 km\/h ne s\u2019installe. Vers la fin de matin\u00e9e, le thermom\u00e8tre montera jusqu\u2019\u00e0 23 \u00b0C. La couverture nuageuse \u00e9voluera en voile de nuages \u00e9lev\u00e9s en fin de p\u00e9riode, tandis que l\u2019humidit\u00e9, d\u2019abord marqu\u00e9e, reculera. Le vent basculera alors au nord-nord-est, restant faible avec des rafales \u00e0 10 km\/h.<\/p>\n<p data-ofstats-scroll=\"read_depth_30\">Dans l\u2019apr\u00e8s-midi, la tendance observ\u00e9e en fin de matin\u00e9e se confirmera, avec des temp\u00e9ratures qui progresseront, passant de 24 \u00b0C \u00e0 27 \u00b0C en fin de p\u00e9riode. Le vent restera orient\u00e9 nord-nord-ouest, se renfor\u00e7ant entre 15 km\/h et 25 km\/h, avec des rafales atteignant jusqu\u2019\u00e0 45 km\/h. Le ciel, d\u2019abord d\u00e9gag\u00e9 ou peu nuageux, \u00e9voluera vers un voile de nuages \u00e9lev\u00e9s en seconde partie d\u2019apr\u00e8s-midi. L\u2019humidit\u00e9 diminuera avant de se stabiliser en fin de journ\u00e9e.<\/p>\n<p data-ofstats-scroll=\"read_depth_50\">En d\u00e9but de soir\u00e9e, dans le prolongement des conditions de l\u2019apr\u00e8s-midi, les temp\u00e9ratures resteront \u00e9lev\u00e9es autour de 26 \u00e0 27 \u00b0C, avant de d\u00e9cro\u00eetre pour atteindre environ 22 \u00b0C en fin de p\u00e9riode. Le vent, d\u2019abord de nord-nord-ouest \u00e0 20 km\/h avec des rafales jusqu\u2019\u00e0 40 km\/h, faiblira et s\u2019orientera successivement vers l\u2019ouest puis le sud-sud-ouest, ne d\u00e9passant plus 5 km\/h avec des rafales limit\u00e9es. La n\u00e9bulosit\u00e9 passera d\u2019un voile \u00e9lev\u00e9 \u00e0 un ciel clair, puis redeviendra tr\u00e8s nuageuse, tandis que l\u2019humidit\u00e9 gagnera l\u00e9g\u00e8rement.<\/p>\n<p data-ofstats-scroll=\"read_depth_70\">Au cours de la nuit, dans le prolongement du rafra\u00eechissement entam\u00e9 en soir\u00e9e, la temp\u00e9rature baissera de 22 \u00b0C \u00e0 minuit \u00e0 18 \u00b0C \u00e0 l\u2019aube, avec un refroidissement plus marqu\u00e9 apr\u00e8s 3 h. Le vent restera faible, oscillant entre 0 et 5 km\/h, d\u2019abord orient\u00e9 est, puis sud et sud-sud-ouest, avant de se fixer sud-est en fin de nuit. Le ciel, d\u2019abord parfaitement d\u00e9gag\u00e9, se couvrira de nuages \u00e9lev\u00e9s vers 4 h, tandis que l\u2019humidit\u00e9 augmentera nettement en fin de nuit.<\/p>\n<p data-ofstats-scroll=\"read_depth_90\">Pour la journ\u00e9e de dimanche, dans le prolongement de la nuit, les temp\u00e9ratures \u00e9volueront de 17 \u00e0 27 \u00b0C, avec un rafra\u00eechissement matinal suivi d\u2019un r\u00e9chauffement marqu\u00e9 l\u2019apr\u00e8s-midi. Le vent restera faible, autour de 5 km\/h en d\u00e9but de journ\u00e9e, de provenance sud-est puis nord-est, avant de devenir quasi nul vers la mi-journ\u00e9e, avec quelques rafales pouvant atteindre 10 km\/h. La couverture nuageuse, d\u2019abord assez pr\u00e9sente, laissera place \u00e0 un ciel clair, puis \u00e0 un ciel plus nuageux en fin de journ\u00e9e, tandis que l\u2019humidit\u00e9 reculera l\u00e9g\u00e8rement au fil des heures.<\/p>\n<p data-ofstats-scroll=\"read_depth_90\"><a href=\"https:\/\/www.ouest-france.fr\/meteo\/auvergne-rhone-alpes\/grenoble-38000\/\" rel=\"nofollow noopener\" target=\"_blank\">Suivez la m\u00e9t\u00e9o de votre commune en temps r\u00e9el<\/a><\/p>\n<p data-ofstats-scroll=\"read_depth_100\">Ouest-France vous donne \u00e9galement la possibilit\u00e9 de conna\u00eetre la m\u00e9t\u00e9o de votre commune, heure par heure, sur notre page m\u00e9t\u00e9o d\u00e9di\u00e9e<\/p>\n","protected":false},"excerpt":{"rendered":"La matin\u00e9e d\u00e9butera sous un ciel parfaitement d\u00e9gag\u00e9, avec une temp\u00e9rature stable autour de 17 \u00b0C et un&hellip;\n","protected":false},"author":2,"featured_media":1109068,"comment_status":"","ping_status":"","sticky":false,"template":"","format":"standard","meta":{"footnotes":"","_share_on_mastodon":"0"},"categories":[9566],"tags":[1111,11,2430,1777,674,1011,27,2731,38811,12,25,30101,16045],"class_list":["post-1158009","post","type-post","status-publish","format-standard","has-post-thumbnail","category-grenoble","tag-actu","tag-actualites","tag-auvergne-rhone-alpes","tag-eu","tag-europe","tag-fr","tag-france","tag-grenoble","tag-lans-en-vercors","tag-news","tag-republique-francaise","tag-saint-georges-de-commiers","tag-saint-paul-de-varces"],"share_on_mastodon":{"url":"https:\/\/pubeurope.com\/@fr\/117186507952091704","error":""},"_links":{"self":[{"href":"https:\/\/www.europesays.com\/fr\/wp-json\/wp\/v2\/posts\/1158009","targetHints":{"allow":["GET"]}}],"collection":[{"href":"https:\/\/www.europesays.com\/fr\/wp-json\/wp\/v2\/posts"}],"about":[{"href":"https:\/\/www.europesays.com\/fr\/wp-json\/wp\/v2\/types\/post"}],"author":[{"embeddable":true,"href":"https:\/\/www.europesays.com\/fr\/wp-json\/wp\/v2\/users\/2"}],"replies":[{"embeddable":true,"href":"https:\/\/www.europesays.com\/fr\/wp-json\/wp\/v2\/comments?post=1158009"}],"version-history":[{"count":0,"href":"https:\/\/www.europesays.com\/fr\/wp-json\/wp\/v2\/posts\/1158009\/revisions"}],"wp:featuredmedia":[{"embeddable":true,"href":"https:\/\/www.europesays.com\/fr\/wp-json\/wp\/v2\/media\/1109068"}],"wp:attachment":[{"href":"https:\/\/www.europesays.com\/fr\/wp-json\/wp\/v2\/media?parent=1158009"}],"wp:term":[{"taxonomy":"category","embeddable":true,"href":"https:\/\/www.europesays.com\/fr\/wp-json\/wp\/v2\/categories?post=1158009"},{"taxonomy":"post_tag","embeddable":true,"href":"https:\/\/www.europesays.com\/fr\/wp-json\/wp\/v2\/tags?post=1158009"}],"curies":[{"name":"wp","href":"https:\/\/api.w.org\/{rel}","templated":true}]}}