{"id":1158013,"date":"2026-08-30T21:13:41","date_gmt":"2026-08-30T21:13:41","guid":{"rendered":"https:\/\/www.europesays.com\/fr\/1158013\/"},"modified":"2026-08-30T21:13:41","modified_gmt":"2026-08-30T21:13:41","slug":"food-trucks-et-concerts-gratuits-des-mercredi-la-rentree-se-fete-sur-le-campus-de-strasbourg","status":"publish","type":"post","link":"https:\/\/www.europesays.com\/fr\/1158013\/","title":{"rendered":"Food trucks et concerts gratuits : d\u00e8s mercredi, la rentr\u00e9e se f\u00eate sur le campus de Strasbourg"},"content":{"rendered":"<p>    <img loading=\"lazy\" width=\"1800\" height=\"900\" src=\"https:\/\/www.europesays.com\/fr\/wp-content\/uploads\/2025\/11\/jeanne-callthepolice.jpg\" class=\"attachment-full size-full\" alt=\"\" id=\"imageLove\" decoding=\"async\"  \/><\/p>\n<p id=\"breadcrumbs\"><a href=\"https:\/\/pokaa.fr\/\" rel=\"nofollow noopener\" target=\"_blank\">Accueil<\/a> \/ <a href=\"https:\/\/pokaa.fr\/ses-sorties\/\" rel=\"nofollow noopener\" target=\"_blank\">Sorties<\/a> \/ Food trucks et concerts gratuits : d\u00e8s mercredi, la rentr\u00e9e se f\u00eate sur le campus de Strasbourg<\/p>\n<p>                    Sorties<\/p>\n<p><b>Alors que la rentr\u00e9e sonne\u2026 Au pied des facs, c\u2019est l\u2019\u00e9cho de Campus Alternatif qui r\u00e9sonne\u00a0! \u00c9v\u00e9nement musical gratos et festif ouvert \u00e0 tous et toutes, il s\u2019appr\u00eate \u00e0 secouer ton agenda. Dans une version<\/b><b> \u00ab\u00a0agrandie\u00a0\u00bb<\/b><b>, sa 9e \u00e9dition t\u2019invite pour trois soirs de concerts, de Strasbourg \u00e0 Haguenau, les 2, 3 et 17 septembre.<\/b><\/p>\n<p><b>Pour cette 9e et nouvelle \u00e9dition, Campus Alternatif<\/b><b> \u00ab\u00a0revient en force\u00a0\u00bb<\/b><b>, dans une version agrandie\u00a0!<\/b><\/p>\n<p>Propos\u00e9 par le Crous de Strasbourg et le Service universitaire de l\u2019action culturelle (Suac) de l\u2019Universit\u00e9 de Strasbourg, cet <b>\u00e9v\u00e9nement musical gratuit tout public <\/b>(et labellis\u00e9 \u00ab\u00a0\u00c9co-manifestation\u00a0\u00bb) est bien d\u00e9cid\u00e9 \u00e0 agiter nos rentr\u00e9es.<\/p>\n<p>    <img width=\"800\" height=\"533\" src=\"https:\/\/www.europesays.com\/fr\/wp-content\/uploads\/2026\/08\/2023-09-07-ca-web-teona-goreci-30-800x533.jpg\" class=\"attachment-image-size-L size-image-size-L\" alt=\"Campus Alternatif\" decoding=\"async\" loading=\"lazy\"  \/>         Campus Alternatif 2023. \u00a9 Teona Goreci \/ Document remis <\/p>\n<p>                <img width=\"750\" height=\"500\" src=\"https:\/\/www.europesays.com\/fr\/wp-content\/uploads\/2026\/08\/2023-09-07-ca-web-teona-goreci-60-750x500.jpg\" class=\"attachment-gallery size-gallery\" alt=\"Campus Alternatif\" data-full-url=\"https:\/\/pokaa.fr\/wp-content\/uploads\/2026\/08\/17\/2023-09-07-ca-web-teona-goreci-60-1500x1000.jpg\" decoding=\"async\" loading=\"lazy\"  \/>            <\/p>\n<p>                <img width=\"750\" height=\"500\" src=\"https:\/\/www.europesays.com\/fr\/wp-content\/uploads\/2026\/08\/2023-09-07-ca-web-teona-goreci-7-750x500.jpg\" class=\"attachment-gallery size-gallery\" alt=\"Campus Alternatif\" data-full-url=\"https:\/\/pokaa.fr\/wp-content\/uploads\/2026\/08\/17\/2023-09-07-ca-web-teona-goreci-7.jpg\" decoding=\"async\" loading=\"lazy\"  \/>            <\/p>\n<p>                    Campus Alternatif 2023. \u00a9 Teona Goreci \/ Documents remis<\/p>\n<p>\u00c0 Strasbourg\u00a0: deux soirs de concerts\u00a0!<\/p>\n<p>\u00c0 Strasbourg, s\u2019il reposera bien <b>sa sc\u00e8ne, ses animations et ses food trucks<\/b> sur le <strong>c<\/strong><b>ampus de l\u2019Esplanade<\/b>, au pied de l\u2019Atrium\u2026 Ce ne sont plus un, mais <b>deux soirs de concerts qui y seront pr\u00e9vus\u00a0<\/b>!<\/p>\n<p>En partenariat avec Strasbourg aime ses \u00e9tudiant\u00b7es, il nous d\u00e9montrera une nouvelle fois, au travers de sa programmation, <b>\u00ab\u00a0la richesse, le talent et la diversit\u00e9 de la sc\u00e8ne musicale alsacienne\u00a0\u00bb<\/b>. Tout en pr\u00e9sentant aux nouveaux\/elles \u00e9tudiant(e)s un campus qui se veut ouvert sur la ville, entre la Krutenau, la Neustadt et l\u2019Esplanade.<\/p>\n<p>                <img width=\"752\" height=\"500\" src=\"https:\/\/www.europesays.com\/fr\/wp-content\/uploads\/2026\/08\/campus-alternatif-aoraki-sur-scene-credit-photo-christoph-de-barry-04-09-2025-752x500.jpg\" class=\"attachment-gallery size-gallery\" alt=\"Campus Alternatif\" data-full-url=\"https:\/\/pokaa.fr\/wp-content\/uploads\/2026\/08\/17\/campus-alternatif-aoraki-sur-scene-credit-photo-christoph-de-barry-04-09-2025.jpg\" decoding=\"async\" loading=\"lazy\"  \/>            <\/p>\n<p>                <img width=\"751\" height=\"500\" src=\"https:\/\/www.europesays.com\/fr\/wp-content\/uploads\/2026\/08\/campus-alternatif-aoraki-sur-scene-credit-photo-christoph-de-barry-04-09-2025-2-751x500.jpg\" class=\"attachment-gallery size-gallery\" alt=\"Campus Alternatif\" data-full-url=\"https:\/\/pokaa.fr\/wp-content\/uploads\/2026\/08\/17\/campus-alternatif-aoraki-sur-scene-credit-photo-christoph-de-barry-04-09-2025-2.jpg\" decoding=\"async\" loading=\"lazy\"  \/>            <\/p>\n<p>                    Aoraki sur la sc\u00e8ne de Campus Alternatif 2025. \u00a9 Christoph De Barry \/ Documents remis<\/p>\n<p>    <img width=\"800\" height=\"533\" src=\"https:\/\/www.europesays.com\/fr\/wp-content\/uploads\/2026\/08\/2023-09-07-ca-web-teona-goreci-40-800x533.jpg\" class=\"attachment-image-size-L size-image-size-L\" alt=\"Campus Alternatif\" decoding=\"async\" loading=\"lazy\"  \/>         Campus Alternatif 2023. \u00a9 Teona Goreci \/ Document remis <\/p>\n<p><b>Le mercredi 2 septembre<\/b>, ce sont les quatre acolytes de <b>What\u2019s Up DOC<\/b> qui ouvriront les festivit\u00e9s en nous embarquant dans une \u00ab\u00a0belle odyss\u00e9e au rythme d\u2019un rock \u00e9pique, complexe et moderne \u00e0 la fois\u00a0\u00bb. Avant de partir \u00e0 la d\u00e9couverte des \u00ab\u00a0textes t\u00e9n\u00e9breux empreints d\u2019espoir\u00a0\u00bb de <b>NAEKO<\/b> (nouvelle pop, pop\/rock alternative).<\/p>\n<\/p>\n<p>Puis<b> le jeudi 3 septembre<\/b>, place \u00e0<b> <\/b><b>la t\u00eate d\u2019affiche\u00a0: Bandit Bandit <\/b>(Lyon-Marseille-Paris), un duo fort remarqu\u00e9 ces derni\u00e8res ann\u00e9es et influenc\u00e9 par Queens of the Stone Age, Black Rebel Motorcycle Club ou les Black Angels.<\/p>\n<p>Et en amont\u00a0? La<b> fanfare queer Ultraviolettes <\/b>qui nous entra\u00eenera dans leur \u00ab\u00a0musique pop fluo survitamin\u00e9e\u00a0\u00bb\u00a0; et la <b>r\u00e9v\u00e9lation du Tremplin Pulsations 2026 <\/b>(avec deux Prix du jury)\u00a0: <b>Aude Boyer<\/b>. Une \u00e9tudiante strasbourgeoise et jeune autrice-compositrice\u2010interpr\u00e8te qui ma\u00eetrise le piano, la guitare, le banjo et le ukul\u00e9l\u00e9, et d\u00e9ploie un univers teint\u00e9 de folk, de folk-rock et de country.<\/p>\n<\/p>\n<p><b>C\u00f4t\u00e9 food, Campus Alternatif r\u00e9gale<\/b> avec, pour le mercredi, <b>de la<\/b> <b>cuisine m\u00e9diterran\u00e9enne <\/b>(avec Kantina), <b>des cr\u00eapes et galettes <\/b>(Ma Chouette Cr\u00eaperie), et pour le jeudi, <b>des sp\u00e9cialit\u00e9s libanaises<\/b> (avec Liban\u2019Go), <b>italiennes<\/b> (avec Gustoso) et <b>des burgers vegan<\/b> (de Chez Veg\u2019Anne). Et enfin, des<b> tartes flamb\u00e9es<\/b> (Les Enflamm\u00e9s) sur les deux soirs.<\/p>\n<p>On y attend \u00e9galement <b>les jeux en bois de l\u2019association Pelpass <\/b>et <b>un stand de pr\u00e9vention des risques festifs tenu par Ithaque<\/b>.<\/p>\n<p>                <img width=\"750\" height=\"500\" src=\"https:\/\/www.europesays.com\/fr\/wp-content\/uploads\/2026\/08\/2023-09-07-ca-web-teona-goreci-8-750x500.jpg\" class=\"attachment-gallery size-gallery\" alt=\"Campus Alternatif\" data-full-url=\"https:\/\/pokaa.fr\/wp-content\/uploads\/2026\/08\/17\/2023-09-07-ca-web-teona-goreci-8.jpg\" decoding=\"async\" loading=\"lazy\"  \/>            <\/p>\n<p>                <img width=\"750\" height=\"500\" src=\"https:\/\/www.europesays.com\/fr\/wp-content\/uploads\/2026\/08\/2023-09-07-ca-web-teona-goreci-5-750x500.jpg\" class=\"attachment-gallery size-gallery\" alt=\"Campus Alternatif\" data-full-url=\"https:\/\/pokaa.fr\/wp-content\/uploads\/2026\/08\/17\/2023-09-07-ca-web-teona-goreci-5.jpg\" decoding=\"async\" loading=\"lazy\"  \/>            <\/p>\n<p>                    Campus Alternatif 2023. \u00a9 Teona Goreci \/ Documents remis<\/p>\n<p>    <img width=\"800\" height=\"533\" src=\"https:\/\/www.europesays.com\/fr\/wp-content\/uploads\/2026\/08\/2023-09-07-ca-web-teona-goreci-11-800x533.jpg\" class=\"attachment-image-size-L size-image-size-L\" alt=\"Campus Alternatif\" decoding=\"async\" loading=\"lazy\"  \/>         Campus Alternatif 2023 \u00a9 Teona Goreci \/ Document remis <\/p>\n<p>In\u00e9dit\u00a0: Campus Alternatif \u00e0 Haguenau<\/p>\n<p><b>Autre nouveaut\u00e9 : son escapade \u00e0 Haguenau<\/b>. Une premi\u00e8re \u00e9dition qui s\u2019installera <b>au Millenium le jeudi 17 septembre, pour une nouvelle s\u00e9rie de concerts, toujours gratuits<\/b>.<\/p>\n<p>    <img width=\"800\" height=\"533\" src=\"https:\/\/www.europesays.com\/fr\/wp-content\/uploads\/2026\/08\/2023-09-07-ca-web-teona-goreci-37-800x533.jpg\" class=\"attachment-image-size-L size-image-size-L\" alt=\"Campus Alternatif\" decoding=\"async\" loading=\"lazy\"  \/>         Campus Alternatif 2023. \u00a9 Teona Goreci \/ Document remis <\/p>\n<p>Campus Alternatif s\u2019associera avec les Bains Rock, mais aussi avec la Ville de Haguenau, le Centre de ressources des musiques actuelles Bas-Rhin Nord, et le r\u00e9seau Jack.<\/p>\n<p>Il nous servira pour l\u2019occasion<b> trois concerts<\/b>\u00a0: <b>Sound of Souls <\/b>(rock, hard-rock), <b>P\u00f4le Nord <\/b>(post-rock) et une des derni\u00e8res r\u00e9v\u00e9lations strasbourgeoises\u2026 <b>Louise XIV<\/b> (\u00e9lectro-pop).<\/p>\n<\/p>\n<p>Et on nous glisse \u00e9galement que <strong>des animations auront lieu en amont de chaque \u00e9v\u00e9nement, en ville <\/strong>(l\u2019apr\u00e8s-midi \u00e0 Strasbourg comme \u00e0 Haguenau)\u2026 En voil\u00e0 une bonne raison d\u2019ouvrir l\u2019agenda et <strong><a href=\"https:\/\/www.crous-strasbourg.fr\/2026\/08\/17\/campus-alternatif-9-revient\/\" target=\"_blank\" rel=\"noopener nofollow\">pour en savoir plus c\u2019est juste ici !\u00a0<\/a><\/strong><\/p>\n<p>            Campus Alternatif \u2013 9e \u00e9dition<\/p>\n<p>            Quoi ? <\/p>\n<p>Concerts gratuits, jeux en bois et food trucks sur le campus<\/p>\n<p>                Quand ?<\/p>\n<ul>\n<li>\u00c0 Strasbourg : mercredi 2 et jeudi 3 septembre d\u00e8s 17h30<\/li>\n<li>\u00c0 Haguenau : jeudi 17 septembre avec animations en ville d\u00e8s 14h30, au Mill\u00e9nium d\u00e8s 17h30<\/li>\n<\/ul>\n<p>            o\u00f9 ?<\/p>\n<ul>\n<li>\u00c0 Strasbourg : sur le Campus de l\u2019Esplanade devant l\u2019Atrium<\/li>\n<li>\u00c0 Haguenau : le Millenium, 6 place Robert-Schuman<\/li>\n<\/ul>\n<p>                Plus d&rsquo;infos ?<\/p>\n<p><a href=\"https:\/\/www.crous-strasbourg.fr\/2026\/08\/17\/campus-alternatif-9-revient\/\" target=\"_blank\" rel=\"noopener nofollow\">Informations<\/a><br \/><a href=\"https:\/\/www.facebook.com\/events\/1038603222119873\/1038655832114612\/?active_tab=discussion\" target=\"_blank\" rel=\"noopener nofollow\">L\u2019\u00e9v\u00e9nement Facebook<\/a><\/p>\n","protected":false},"excerpt":{"rendered":"Accueil \/ Sorties \/ Food trucks et concerts gratuits : d\u00e8s mercredi, la rentr\u00e9e se f\u00eate sur le&hellip;\n","protected":false},"author":2,"featured_media":1158014,"comment_status":"","ping_status":"","sticky":false,"template":"","format":"standard","meta":{"footnotes":"","_share_on_mastodon":"0"},"categories":[2820],"tags":[1111,11,4763,13701,118799,1697,4081,1777,674,652,1011,27,775,326,12,21919,3907,28313,25,640,118800],"class_list":["post-1158013","post","type-post","status-publish","format-standard","has-post-thumbnail","category-strasbourg","tag-actu","tag-actualites","tag-agenda","tag-campus","tag-campus-alternatif","tag-concert","tag-etudiant","tag-eu","tag-europe","tag-famille","tag-fr","tag-france","tag-grand-est","tag-gratuit","tag-news","tag-ou-sortir","tag-que-faire","tag-rentree","tag-republique-francaise","tag-strasbourg","tag-strasbourg-aime-ses-etudiants"],"share_on_mastodon":{"url":"https:\/\/pubeurope.com\/@fr\/117186531293561560","error":""},"_links":{"self":[{"href":"https:\/\/www.europesays.com\/fr\/wp-json\/wp\/v2\/posts\/1158013","targetHints":{"allow":["GET"]}}],"collection":[{"href":"https:\/\/www.europesays.com\/fr\/wp-json\/wp\/v2\/posts"}],"about":[{"href":"https:\/\/www.europesays.com\/fr\/wp-json\/wp\/v2\/types\/post"}],"author":[{"embeddable":true,"href":"https:\/\/www.europesays.com\/fr\/wp-json\/wp\/v2\/users\/2"}],"replies":[{"embeddable":true,"href":"https:\/\/www.europesays.com\/fr\/wp-json\/wp\/v2\/comments?post=1158013"}],"version-history":[{"count":0,"href":"https:\/\/www.europesays.com\/fr\/wp-json\/wp\/v2\/posts\/1158013\/revisions"}],"wp:featuredmedia":[{"embeddable":true,"href":"https:\/\/www.europesays.com\/fr\/wp-json\/wp\/v2\/media\/1158014"}],"wp:attachment":[{"href":"https:\/\/www.europesays.com\/fr\/wp-json\/wp\/v2\/media?parent=1158013"}],"wp:term":[{"taxonomy":"category","embeddable":true,"href":"https:\/\/www.europesays.com\/fr\/wp-json\/wp\/v2\/categories?post=1158013"},{"taxonomy":"post_tag","embeddable":true,"href":"https:\/\/www.europesays.com\/fr\/wp-json\/wp\/v2\/tags?post=1158013"}],"curies":[{"name":"wp","href":"https:\/\/api.w.org\/{rel}","templated":true}]}}