{"id":1158015,"date":"2026-08-30T21:15:16","date_gmt":"2026-08-30T21:15:16","guid":{"rendered":"https:\/\/www.europesays.com\/fr\/1158015\/"},"modified":"2026-08-30T21:15:16","modified_gmt":"2026-08-30T21:15:16","slug":"voulez-vous-proposer-des-projets-pour-votre-quartier-a-carros-voici-ce-qui-a-change-et-comment-proceder","status":"publish","type":"post","link":"https:\/\/www.europesays.com\/fr\/1158015\/","title":{"rendered":"Voulez-vous proposer des projets pour votre quartier \u00e0 Carros\u00a0? Voici ce qui a chang\u00e9 et comment proc\u00e9der"},"content":{"rendered":"<p class=\"fs-5 \">Vous souhaitez proposer des projets pour votre quartier\u00a0? Vous pouvez d\u00e9sormais vous adresser au <strong>comit\u00e9 de quartier<\/strong> le plus proche. Six ont vu le jour \u00e0 Carros\u00a0: <strong>Village-les Ecarts<\/strong>, <strong>Les Plans nord<\/strong>, <strong>Les Plans sud<\/strong>, <strong>Planet<\/strong>, <strong>centre-ville haut<\/strong> et <strong>centre-ville bas<\/strong>. Officiellement cr\u00e9\u00e9s par un vote du conseil municipal d\u00e9but juillet, ils seront officiellement mis en place <strong>courant septembre<\/strong>. \u00ab\u00a0C\u2019est un point primordial pour nous pour redonner le pouvoir aux habitants\u00a0\u00bb, avait pr\u00e9cis\u00e9, juste avant le vote, en s\u00e9ance, <a href=\"https:\/\/www.nicematin.com\/societe\/politique\/municipales-2026\/le-maire-de-tous-les-carrossois-le-nouveau-maire-de-carros-stephane-revello-intronise-10674720\" rel=\"nofollow noopener\" target=\"_blank\">le maire St\u00e9phane Revello, \u00e9lu en mars<\/a>. Et ce, pour \u00ab\u00a0faire remonter les probl\u00e9matiques qu\u2019ils peuvent rencontrer tout au long de l\u2019ann\u00e9e. On appelle la population \u00e0 les int\u00e9grer\u00a0\u00bb.<\/p>\n<p class=\"fs-5 \">Des moyens seront affect\u00e9s \u00e0 chaque quartier gr\u00e2ce \u00e0 un \u00ab\u00a0<strong>budget d\u00e9di\u00e9<\/strong>\u00a0\u00bb. Celui-ci sera utilis\u00e9 en priorisant les projets\u00a0: \u00ab\u00a0On pourra am\u00e9liorer le quotidien. Les quartiers sont simples. Il y a un d\u00e9coupage en six parties. Nous verrons, par la suite, le nombre de personnes qui y adh\u00e8re. L\u2019objectif est d\u2019avoir un cadre l\u00e9gal. On le fera \u00e9voluer\u00a0\u00bb. Il pourra \u00e9galement y avoir des r\u00e9unions plus cibl\u00e9es si besoin.<\/p>\n<p>    Comment rejoindre ces comit\u00e9s de quartier\u00a0?<\/p>\n<p class=\"fs-5 \">Pour rejoindre ces comit\u00e9s, il faut <strong>envoyer un mail<\/strong> \u00e0 <a href=\"https:\/\/www.nicematin.com\/societe\/vie-locale\/mailto:mairie@ville-carros.fr\" rel=\"nofollow noopener\" target=\"_blank\"><strong>mairie@ville-carros.fr<\/strong><\/a> en indiquant vos noms, pr\u00e9noms et coordonn\u00e9es ainsi que votre quartier et les am\u00e9liorations que vous souhaitez (vous pouvez y adh\u00e9rer \u00e0 tout moment). Dans la d\u00e9lib\u00e9ration adopt\u00e9e \u00e0 <strong>l\u2019unanimit\u00e9<\/strong> figurent, notamment, parmi les missions\u00a0: favoriser les initiatives de proximit\u00e9 et participer \u00e0 la r\u00e9flexion sur les projets d\u2019int\u00e9r\u00eat local. Dans leur composition, en plus des habitants, ils recevront aussi des <strong>commer\u00e7ants et acteurs locaux<\/strong>, <strong>des associations<\/strong> et <strong>des \u00e9lus r\u00e9f\u00e9rents<\/strong> d\u00e9sign\u00e9s par le conseil municipal.<\/p>\n<p class=\"fs-5 \">Ces comit\u00e9s devront se r\u00e9unir <strong>au moins une fois par an<\/strong>.<\/p>\n","protected":false},"excerpt":{"rendered":"Vous souhaitez proposer des projets pour votre quartier\u00a0? Vous pouvez d\u00e9sormais vous adresser au comit\u00e9 de quartier le&hellip;\n","protected":false},"author":2,"featured_media":1158016,"comment_status":"","ping_status":"","sticky":false,"template":"","format":"standard","meta":{"footnotes":"","_share_on_mastodon":"0"},"categories":[2819],"tags":[1111,11,1777,674,1011,27,12,2401,882,25],"class_list":["post-1158015","post","type-post","status-publish","format-standard","has-post-thumbnail","category-nice","tag-actu","tag-actualites","tag-eu","tag-europe","tag-fr","tag-france","tag-news","tag-nice","tag-provence-alpes-cote-dazur","tag-republique-francaise"],"share_on_mastodon":{"url":"https:\/\/pubeurope.com\/@fr\/117186535712280875","error":""},"_links":{"self":[{"href":"https:\/\/www.europesays.com\/fr\/wp-json\/wp\/v2\/posts\/1158015","targetHints":{"allow":["GET"]}}],"collection":[{"href":"https:\/\/www.europesays.com\/fr\/wp-json\/wp\/v2\/posts"}],"about":[{"href":"https:\/\/www.europesays.com\/fr\/wp-json\/wp\/v2\/types\/post"}],"author":[{"embeddable":true,"href":"https:\/\/www.europesays.com\/fr\/wp-json\/wp\/v2\/users\/2"}],"replies":[{"embeddable":true,"href":"https:\/\/www.europesays.com\/fr\/wp-json\/wp\/v2\/comments?post=1158015"}],"version-history":[{"count":0,"href":"https:\/\/www.europesays.com\/fr\/wp-json\/wp\/v2\/posts\/1158015\/revisions"}],"wp:featuredmedia":[{"embeddable":true,"href":"https:\/\/www.europesays.com\/fr\/wp-json\/wp\/v2\/media\/1158016"}],"wp:attachment":[{"href":"https:\/\/www.europesays.com\/fr\/wp-json\/wp\/v2\/media?parent=1158015"}],"wp:term":[{"taxonomy":"category","embeddable":true,"href":"https:\/\/www.europesays.com\/fr\/wp-json\/wp\/v2\/categories?post=1158015"},{"taxonomy":"post_tag","embeddable":true,"href":"https:\/\/www.europesays.com\/fr\/wp-json\/wp\/v2\/tags?post=1158015"}],"curies":[{"name":"wp","href":"https:\/\/api.w.org\/{rel}","templated":true}]}}