{"id":1158017,"date":"2026-08-30T21:16:15","date_gmt":"2026-08-30T21:16:15","guid":{"rendered":"https:\/\/www.europesays.com\/fr\/1158017\/"},"modified":"2026-08-30T21:16:15","modified_gmt":"2026-08-30T21:16:15","slug":"las-monaco-et-paris-brunner-domptent-lom-2-0-et-prennent-la-tete-de-la-ligue-1","status":"publish","type":"post","link":"https:\/\/www.europesays.com\/fr\/1158017\/","title":{"rendered":"L\u2019AS Monaco et Paris Brunner domptent l\u2019OM 2-0\u00a0et prennent la t\u00eate de la Ligue 1"},"content":{"rendered":"<p>On ne change pas une \u00e9quipe qui gagne, dit-on. Filipe Luis, le nouveau coach de l\u2019<strong>AS Monaco<\/strong>, <a href=\"https:\/\/www.nicematin.com\/sports\/football\/coulibaly-titulaire-detourbet-sur-le-banc-decouvrez-la-composition-de-l-as-monaco-pour-la-reception-de-l-om-10714753\" rel=\"nofollow noopener\" target=\"_blank\">a align\u00e9 exactement le m\u00eame 11\u00a0que lors des deux pr\u00e9c\u00e9dents matches<\/a>, <strong>ce dimanche 30\u00a0ao\u00fbt face \u00e0 l\u2019OM<\/strong>, avec une nouvelle victoire \u00e0 la cl\u00e9 (2-0). Jamais deux sans trois, dit-on \u00e9galement. Les joueurs de la Principaut\u00e9 ont livr\u00e9 une prestation convaincante pour ce choc m\u00e9diterran\u00e9en de la deuxi\u00e8me journ\u00e9e de Ligue 1, et ce d\u00e8s les premi\u00e8res minutes de la rencontre.<\/p>\n<p>Souvent dans le coup d\u00e9fensivement &#8211; bien aid\u00e9s aussi par le peu d\u2019inspiration offensive des Marseillais -, les Mon\u00e9gasques ont su trouver les sch\u00e9mas de jeu payants pour inqui\u00e9ter la cage adverse.<\/p>\n<p>Juste avant le quart d\u2019heure de jeu, lanc\u00e9 sur un bonbon d\u2019Aleksandr Golovin dans la bo\u00eete, <strong>Paris Brunner ouvre logiquement le score d\u2019un joli coup de t\u00eate (1-0, 13e)<\/strong>, inscrivant au passage son troisi\u00e8me but de la saison apr\u00e8s ses deux r\u00e9alisations, \u00e0 l\u2019aller et au retour, face au Gornik Zabrze en barrages de Ligue Conf\u00e9rence.<\/p>\n<p>La suite de ce premier acte se r\u00e9\u00e9quilibre \u00e0 mesure que l\u2019OM se met \u00e0 monopoliser le ballon, trop souvent sans que cela s\u2019accompagne d\u2019un v\u00e9ritable danger, et l\u2019on sent les Marseillais fragiles sur les rapides transitions mon\u00e9gasques.<\/p>\n<p class=\"fs-5 \"><strong>La fin de premi\u00e8re p\u00e9riode est hach\u00e9e<\/strong>, avec de nombreuses fautes grossi\u00e8res de la part des deux formations, et l\u2019arbitrage de M. Delajod est loin de faire l\u2019unanimit\u00e9, ce qui n\u2019emp\u00eache pas Monaco de faire la course en t\u00eate au moment de retourner aux vestiaires.<\/p>\n<p>    Le show Paris Brunner<\/p>\n<p class=\"fs-5 \">Ce qui n\u2019emp\u00eache pas non plus Paris Brunner, la r\u00e9v\u00e9lation de ce d\u00e9but de saison, de doubler la mise au terme d\u2019un festival solitaire dont Geoffrey Kondogbia risque de se souvenir longtemps (2-0, 53e). En comptant les matchs de pr\u00e9paration, l\u2019Allemand de 20\u00a0ans en est \u00e0 9\u00a0buts depuis le d\u00e9but de la saison, dont 4\u00a0en rencontres officielles.<\/p>\n<p class=\"fs-5 \">Surtout, <strong>ce deuxi\u00e8me but est un vrai coup de massue pour les Olympiens<\/strong>, d\u00e9sormais compl\u00e8tement apathiques sur le plan offensif, \u00e0 l\u2019image de leur nombre de tirs cadr\u00e9s\u00a0: 3.<\/p>\n<p class=\"fs-5 \">Jusqu\u2019au coup de sifflet final, rien de bien reluisant \u00e0 se mettre sous la dent, si ce n\u2019est quelques tentatives vaines du c\u00f4t\u00e9 marseillais. C\u00f4t\u00e9 mon\u00e9gasque, on g\u00e8re l\u2019avance, sans encombre et avec s\u00e9r\u00e9nit\u00e9. Une victoire de prestige et une premi\u00e8re occasion, une premi\u00e8re faille, \u00e0 saisir dans ce d\u00e9but de championnat o\u00f9 tous les points sont et seront bons \u00e0 prendre.<\/p>\n<p class=\"fs-5 \">Au terme de cette deuxi\u00e8me journ\u00e9e de Ligue 1, l\u2019AS Monaco est la seule \u00e9quipe avec deux victoires et figure donc logiquement en t\u00eate du championnat. Une bonne dynamique semble lanc\u00e9e.<\/p>\n<p>        <img id=\"article-thumbnail-11\" src=\"https:\/\/www.europesays.com\/fr\/wp-content\/uploads\/2026\/08\/ARTVIEW-10714753-1200-800-1a22f51_ftp-1-dtgvamsop3hx-spo28q839a-jm-football-monaco-gornik.jpg\"   width=\"600\" height=\"400\" loading=\"lazy\" decoding=\"async\" alt=\"Mamadou Coulibaly est de nouveau titulaire.\" class=\"img-fluid position-absolute w-100 h-100 object-fit-cover rounded-2\"\/><\/p>\n","protected":false},"excerpt":{"rendered":"On ne change pas une \u00e9quipe qui gagne, dit-on. Filipe Luis, le nouveau coach de l\u2019AS Monaco, a&hellip;\n","protected":false},"author":2,"featured_media":1158018,"comment_status":"","ping_status":"","sticky":false,"template":"","format":"standard","meta":{"footnotes":"","_share_on_mastodon":"0"},"categories":[2819],"tags":[1111,11,1777,674,1011,27,12,2401,882,25],"class_list":["post-1158017","post","type-post","status-publish","format-standard","has-post-thumbnail","category-nice","tag-actu","tag-actualites","tag-eu","tag-europe","tag-fr","tag-france","tag-news","tag-nice","tag-provence-alpes-cote-dazur","tag-republique-francaise"],"share_on_mastodon":{"url":"https:\/\/pubeurope.com\/@fr\/117186540827633123","error":""},"_links":{"self":[{"href":"https:\/\/www.europesays.com\/fr\/wp-json\/wp\/v2\/posts\/1158017","targetHints":{"allow":["GET"]}}],"collection":[{"href":"https:\/\/www.europesays.com\/fr\/wp-json\/wp\/v2\/posts"}],"about":[{"href":"https:\/\/www.europesays.com\/fr\/wp-json\/wp\/v2\/types\/post"}],"author":[{"embeddable":true,"href":"https:\/\/www.europesays.com\/fr\/wp-json\/wp\/v2\/users\/2"}],"replies":[{"embeddable":true,"href":"https:\/\/www.europesays.com\/fr\/wp-json\/wp\/v2\/comments?post=1158017"}],"version-history":[{"count":0,"href":"https:\/\/www.europesays.com\/fr\/wp-json\/wp\/v2\/posts\/1158017\/revisions"}],"wp:featuredmedia":[{"embeddable":true,"href":"https:\/\/www.europesays.com\/fr\/wp-json\/wp\/v2\/media\/1158018"}],"wp:attachment":[{"href":"https:\/\/www.europesays.com\/fr\/wp-json\/wp\/v2\/media?parent=1158017"}],"wp:term":[{"taxonomy":"category","embeddable":true,"href":"https:\/\/www.europesays.com\/fr\/wp-json\/wp\/v2\/categories?post=1158017"},{"taxonomy":"post_tag","embeddable":true,"href":"https:\/\/www.europesays.com\/fr\/wp-json\/wp\/v2\/tags?post=1158017"}],"curies":[{"name":"wp","href":"https:\/\/api.w.org\/{rel}","templated":true}]}}