{"id":1158019,"date":"2026-08-30T21:17:10","date_gmt":"2026-08-30T21:17:10","guid":{"rendered":"https:\/\/www.europesays.com\/fr\/1158019\/"},"modified":"2026-08-30T21:17:10","modified_gmt":"2026-08-30T21:17:10","slug":"du-hard-discount-aux-galeries-lafayette-des-consommateurs-cameleons-a-nantes-en-quete-du-meilleur-prix-pour-la-rentree","status":"publish","type":"post","link":"https:\/\/www.europesays.com\/fr\/1158019\/","title":{"rendered":"Du hard discount aux Galeries Lafayette, des consommateurs cam\u00e9l\u00e9ons \u00e0 Nantes en qu\u00eate du meilleur prix pour la rentr\u00e9e"},"content":{"rendered":"<p data-ofstats-scroll=\"read_depth_0\">Les gamins de ma classe, ils sont tous habill\u00e9s chez Primark, dit cette enseignante d\u2019une \u00e9cole \u00e9l\u00e9mentaire \u00e0 Nantes. Mes enfants, ils ne veulent que du neuf, ajoute une maman, il y a des modes \u00e0 suivre si on veut qu\u2019ils survivent dans la cour d\u2019\u00e9cole.<\/p>\n<p data-ofstats-scroll=\"read_depth_0\">Question <a href=\"https:\/\/www.ouest-france.fr\/education\/rentree-scolaire\/cout-de-la-rentree-scolaire-les-familles-soumises-a-faire-des-arbitrages-726be1cc-a120-11f1-bba4-fb5ac80a227f\" target=\"_parent\" rel=\"nofollow noopener\">pouvoir d\u2019achat \u00e0 l\u2019heure de la rentr\u00e9e scolaire, <\/a>entre le seconde main et l\u2019ultra fast fashion des nombreux magasins \u00e0 tr\u00e8s bas prix, comment s\u2019en sortent les consommateurs ?<\/p>\n<p data-ofstats-scroll=\"read_depth_10\">Primark c\u2019est de la bonne qualit\u00e9 \u00e0 pas cher, \u00e7a vaut le coup, est convaincue Lisa, 18 ans, qui entre en fac d\u2019anglais. Elle y ach\u00e8te les essentiels et vient y voir les nouveaut\u00e9s, cinq fois par mois en moyenne. Quand elle va vers le seconde main, c\u2019est sur Vinted qu\u2019elle privil\u00e9gie par rapport \u00e0 des achats neufs, juste pour une question de prix.<\/p>\n<p data-ofstats-scroll=\"read_depth_20\">L\u2019impact carbone du transport, l\u2019impact social sur les travailleurs \u00e0 l\u2019autre bout du monde ? Je ne pose pas vraiment la question de l\u2019\u00e9cologie et des conditions de fabrication, avoue sa copine Sarah, 16 ans, en sirotant une boisson glac\u00e9e dans une galerie marchande nantaise. Ce matin en me levant je ne me suis pas demand\u00e9 comment Primark fabrique ses v\u00eatements, mais c\u2019est vrai qu\u2019il faudrait y r\u00e9fl\u00e9chir, dit la lyc\u00e9enne qui entre en premi\u00e8re g\u00e9n\u00e9rale options maths et sciences de la vie et de la terre.<\/p>\n","protected":false},"excerpt":{"rendered":"Les gamins de ma classe, ils sont tous habill\u00e9s chez Primark, dit cette enseignante d\u2019une \u00e9cole \u00e9l\u00e9mentaire \u00e0&hellip;\n","protected":false},"author":2,"featured_media":1158020,"comment_status":"","ping_status":"","sticky":false,"template":"","format":"standard","meta":{"footnotes":"","_share_on_mastodon":"0"},"categories":[2818],"tags":[1111,11,130,1777,674,1011,27,3047,766,12,2636,1800,10918,25,96],"class_list":["post-1158019","post","type-post","status-publish","format-standard","has-post-thumbnail","category-nantes","tag-actu","tag-actualites","tag-consommation","tag-eu","tag-europe","tag-fr","tag-france","tag-loire-atlantique","tag-nantes","tag-news","tag-pays-de-la-loire","tag-pollution","tag-rentree-scolaire","tag-republique-francaise","tag-une"],"share_on_mastodon":{"url":"https:\/\/pubeurope.com\/@fr\/117186543587278148","error":""},"_links":{"self":[{"href":"https:\/\/www.europesays.com\/fr\/wp-json\/wp\/v2\/posts\/1158019","targetHints":{"allow":["GET"]}}],"collection":[{"href":"https:\/\/www.europesays.com\/fr\/wp-json\/wp\/v2\/posts"}],"about":[{"href":"https:\/\/www.europesays.com\/fr\/wp-json\/wp\/v2\/types\/post"}],"author":[{"embeddable":true,"href":"https:\/\/www.europesays.com\/fr\/wp-json\/wp\/v2\/users\/2"}],"replies":[{"embeddable":true,"href":"https:\/\/www.europesays.com\/fr\/wp-json\/wp\/v2\/comments?post=1158019"}],"version-history":[{"count":0,"href":"https:\/\/www.europesays.com\/fr\/wp-json\/wp\/v2\/posts\/1158019\/revisions"}],"wp:featuredmedia":[{"embeddable":true,"href":"https:\/\/www.europesays.com\/fr\/wp-json\/wp\/v2\/media\/1158020"}],"wp:attachment":[{"href":"https:\/\/www.europesays.com\/fr\/wp-json\/wp\/v2\/media?parent=1158019"}],"wp:term":[{"taxonomy":"category","embeddable":true,"href":"https:\/\/www.europesays.com\/fr\/wp-json\/wp\/v2\/categories?post=1158019"},{"taxonomy":"post_tag","embeddable":true,"href":"https:\/\/www.europesays.com\/fr\/wp-json\/wp\/v2\/tags?post=1158019"}],"curies":[{"name":"wp","href":"https:\/\/api.w.org\/{rel}","templated":true}]}}