{"id":1158035,"date":"2026-08-30T21:27:34","date_gmt":"2026-08-30T21:27:34","guid":{"rendered":"https:\/\/www.europesays.com\/fr\/1158035\/"},"modified":"2026-08-30T21:27:34","modified_gmt":"2026-08-30T21:27:34","slug":"en-images-de-la-porte-daix-au-mucem-une-centaine-de-motards-et-une-chaine-humaine-a-marseille-en-soutien-a-la-palestine","status":"publish","type":"post","link":"https:\/\/www.europesays.com\/fr\/1158035\/","title":{"rendered":"EN IMAGES. De la Porte d&rsquo;Aix au Mucem : une centaine de motards et une cha\u00eene humaine \u00e0 Marseille en soutien \u00e0 la Palestine"},"content":{"rendered":"<p>Une manifestation en soutien au peuple palestinien s&rsquo;est tenue samedi 29 ao\u00fbt 2026 \u00e0 Marseille, \u00e0 l&rsquo;appel de <a href=\"https:\/\/www.laprovence.com\/article\/region\/5641269454364814\/lunion-pour-la-palestine-marseille-exige-de-benoit-payan-le-dejumelage-avec-la-ville-israelienne-de-haifa\" target=\"_self\" rel=\"nofollow noopener\">l&rsquo;Union pour la Palestine Marseille<\/a>, de l&rsquo;Union juive fran\u00e7aise pour la paix (une organisation juive la\u00efque, universaliste et antisioniste), de Tsedek (un collectif de Juifs et Juives d\u00e9coloniaux luttant contre le racisme d&rsquo;\u00c9tat en France) et de l&rsquo;Association Nationale des Communistes (ANC).<\/p>\n<p>Les participants, partis de la Porte d&rsquo;Aix, ont rejoint le Mucem avant de former une cha\u00eene humaine avec l&rsquo;inscription \u00ab\u00a0<a href=\"https:\/\/www.laprovence.com\/article\/region\/10337546927740\/les-lettres-marseille-peintes-aux-couleurs-de-la-palestine-et-repeintes-en-blanc-par-la-ville\" target=\"_self\" rel=\"nofollow noopener\">Free Palestine<\/a>\u00ab\u00a0, libert\u00e9 pour la Palestine. L&rsquo;\u00e9v\u00e9nement a \u00e9t\u00e9 marqu\u00e9 par l&rsquo;arriv\u00e9e des \u00ab\u00a0Bikers pour la Palestine\u00a0\u00bb, des motards venus de toute la France, dont les Samoura\u00ef Riders International de Lille.<\/p>\n<p>\u00c0 l&rsquo;origine, une dizaine de motos \u00e9taient attendues, mais pr\u00e8s d&rsquo;une centaine ont finalement d\u00e9fil\u00e9 jusqu&rsquo;\u00e0 la Pointe-Rouge, accompagn\u00e9es par des manifestants en v\u00e9los, en trottinettes et \u00e0 pieds. \u00ab\u00a0On \u00e9tait surpris, comme les m\u00e9dias, de voir autant de monde, et beaucoup de femmes\u00a0\u00bb, ont soulign\u00e9 les organisateurs.<\/p>\n<p>Apr\u00e8s la manifestation, un rassemblement symbolique a eu lieu devant le <a href=\"https:\/\/www.laprovence.com\/article\/culture-loisirs\/16297158671168\/le-departement-et-la-region-suspendent-leur-cooperation-avec-le-mucem-a-marseille\" target=\"_self\" rel=\"nofollow noopener\">Mucem<\/a>, suivi d&rsquo;un cort\u00e8ge de motards dans les rues de Marseille, r\u00e9affirmant la solidarit\u00e9 avec la Palestine. Les organisateurs ont salu\u00e9 \u00ab\u00a0un moment fort de d\u00e9termination\u00a0\u00bb et rappel\u00e9 leur engagement : \u00ab\u00a0Tant que la justice ne sera pas \u00e9tablie en Palestine, nous continuerons \u00e0 nous rassembler, \u00e0 d\u00e9noncer les responsabilit\u00e9s politiques et \u00e9conomiques dans les crimes commis contre le peuple palestinien\u00a0\u00bb.<\/p>\n<p>L&rsquo;Union pour la Palestine Marseille maintient son appel \u00e0 un cessez-le-feu r\u00e9el \u00e0 Gaza, en Cisjordanie et au Liban, ainsi qu&rsquo;\u00e0 l&rsquo;autod\u00e9termination du peuple palestinien.<\/p>\n","protected":false},"excerpt":{"rendered":"Une manifestation en soutien au peuple palestinien s&rsquo;est tenue samedi 29 ao\u00fbt 2026 \u00e0 Marseille, \u00e0 l&rsquo;appel de&hellip;\n","protected":false},"author":2,"featured_media":1158036,"comment_status":"","ping_status":"","sticky":false,"template":"","format":"standard","meta":{"footnotes":"","_share_on_mastodon":"0"},"categories":[2814],"tags":[5734,1111,11,10466,13636,1777,674,274,1011,27,4430,884,3747,6864,12,5396,882,25,96],"class_list":["post-1158035","post","type-post","status-publish","format-standard","has-post-thumbnail","category-marseille","tag-5734","tag-actu","tag-actualites","tag-centaine","tag-daix","tag-eu","tag-europe","tag-faits-divers-justice","tag-fr","tag-france","tag-images","tag-marseille","tag-motards","tag-mucem","tag-news","tag-porte","tag-provence-alpes-cote-dazur","tag-republique-francaise","tag-une"],"share_on_mastodon":{"url":"https:\/\/pubeurope.com\/@fr\/117186582708023291","error":""},"_links":{"self":[{"href":"https:\/\/www.europesays.com\/fr\/wp-json\/wp\/v2\/posts\/1158035","targetHints":{"allow":["GET"]}}],"collection":[{"href":"https:\/\/www.europesays.com\/fr\/wp-json\/wp\/v2\/posts"}],"about":[{"href":"https:\/\/www.europesays.com\/fr\/wp-json\/wp\/v2\/types\/post"}],"author":[{"embeddable":true,"href":"https:\/\/www.europesays.com\/fr\/wp-json\/wp\/v2\/users\/2"}],"replies":[{"embeddable":true,"href":"https:\/\/www.europesays.com\/fr\/wp-json\/wp\/v2\/comments?post=1158035"}],"version-history":[{"count":0,"href":"https:\/\/www.europesays.com\/fr\/wp-json\/wp\/v2\/posts\/1158035\/revisions"}],"wp:featuredmedia":[{"embeddable":true,"href":"https:\/\/www.europesays.com\/fr\/wp-json\/wp\/v2\/media\/1158036"}],"wp:attachment":[{"href":"https:\/\/www.europesays.com\/fr\/wp-json\/wp\/v2\/media?parent=1158035"}],"wp:term":[{"taxonomy":"category","embeddable":true,"href":"https:\/\/www.europesays.com\/fr\/wp-json\/wp\/v2\/categories?post=1158035"},{"taxonomy":"post_tag","embeddable":true,"href":"https:\/\/www.europesays.com\/fr\/wp-json\/wp\/v2\/tags?post=1158035"}],"curies":[{"name":"wp","href":"https:\/\/api.w.org\/{rel}","templated":true}]}}