{"id":1158056,"date":"2026-08-30T21:40:24","date_gmt":"2026-08-30T21:40:24","guid":{"rendered":"https:\/\/www.europesays.com\/fr\/1158056\/"},"modified":"2026-08-30T21:40:24","modified_gmt":"2026-08-30T21:40:24","slug":"iran-les-etats-unis-menent-de-nouvelles-frappes-les-premieres-depuis-un-mois","status":"publish","type":"post","link":"https:\/\/www.europesays.com\/fr\/1158056\/","title":{"rendered":"Iran : les \u00c9tats-Unis m\u00e8nent de nouvelles frappes, les premi\u00e8res depuis un mois"},"content":{"rendered":"<ul class=\"jsx-25100651 ArticleChapo__List\">\n<li class=\"jsx-25100651 ArticleChapo__List_Item flex\">Les \u00c9tats-Unis ont men\u00e9 dimanche des frappes sur l&rsquo;\u00eele iranienne de Larak, situ\u00e9e dans le strat\u00e9gique d\u00e9troit d&rsquo;Ormuz.<\/li>\n<li class=\"jsx-25100651 ArticleChapo__List_Item flex\">T\u00e9h\u00e9ran, de son c\u00f4t\u00e9, d\u00e9plore des \u00ab\u00a0morts et des bless\u00e9s.<\/li>\n<li class=\"jsx-25100651 ArticleChapo__List_Item flex\">Les Gardiens de la R\u00e9volution promettent des \u00ab\u00a0repr\u00e9sailles\u00a0\u00bb.<\/li>\n<\/ul>\n<p id=\"body-_R_17t7pm_-block-6\" data-module=\"article-paragraph\" class=\"jsx-2921227388 Paragraph\">La tension (re)monte en Iran. Les \u00c9tats-Unis ont men\u00e9 dimanche 30 ao\u00fbt des frappes sur l&rsquo;\u00eele iranienne de Larak, situ\u00e9e dans le strat\u00e9gique d\u00e9troit d&rsquo;Ormuz, a annonc\u00e9 le Commandement militaire am\u00e9ricain pour le Moyen-Orient (Centcom), les premi\u00e8res en un mois.<\/p>\n<p data-module=\"article-paragraph\" class=\"jsx-2921227388 Paragraph Paragraph__End\">\u00ab\u00a0Plus t\u00f4t dans la journ\u00e9e, les forces am\u00e9ricaines ont frapp\u00e9 deux lanceurs iraniens sur l&rsquo;\u00eele de Larak\u00a0\u00bb o\u00f9 \u00ab\u00a0des Gardiens de la R\u00e9volution islamique ont \u00e9t\u00e9 observ\u00e9es en train de se pr\u00e9parer \u00e0 lancer des roquettes charg\u00e9es de mines marines\u00a0\u00bb, a indiqu\u00e9 Tim Hawkins, le porte-parole du Centcom dans un communiqu\u00e9 transmis \u00e0 l&rsquo;AFP.<\/p>\n<p><a href=\"https:\/\/www.tf1info.fr\/international\/iran-moyen-orient-le-guide-supreme-iranien-mojtaba-khamenei-appelle-a-l-unite-entre-pays-musulmans-2461227.html\" rel=\"nofollow noopener\" class=\"jsx-958316424 Link flex\" target=\"_blank\"><img decoding=\"async\" src=\"https:\/\/www.europesays.com\/fr\/wp-content\/uploads\/2026\/08\/mojtaba-khamenei-2027-a0bb77-0@1x.jpeg\" alt=\"Une fresque en l'honneur de Mojtaba Khamenei, le Guide supr\u00eame iranien, \u00e0 T\u00e9h\u00e9ran, le 9 mai 2026.\" loading=\"lazy\" importance=\"low\" fetchpriority=\"low\" class=\"\" copyright=\"ATTA KENARE \/ AFP\" aria-hidden=\"true\"\/><\/p>\n<p class=\"jsx-4054529586 ReadMoreArticle__Title\">Lire aussi<\/p>\n<p class=\"jsx-4054529586\">Le guide supr\u00eame iranien Mojtaba Khamenei appelle \u00e0 l&rsquo;unit\u00e9 entre pays musulmans <\/p>\n<p><\/a><\/p>\n<p id=\"body-_R_17t7pm_-block-9\" data-module=\"article-paragraph\" class=\"jsx-2921227388 Paragraph Paragraph__End\">De son c\u00f4t\u00e9 T\u00e9h\u00e9ran a d\u00e9plor\u00e9 des \u00ab\u00a0morts et des bless\u00e9s\u00a0\u00bb dans ces frappes. Les Gardiens de la R\u00e9volution ont promis \u00ab\u00a0des repr\u00e9sailles\u00a0\u00bb.\u00a0<\/p>\n","protected":false},"excerpt":{"rendered":"Les \u00c9tats-Unis ont men\u00e9 dimanche des frappes sur l&rsquo;\u00eele iranienne de Larak, situ\u00e9e dans le strat\u00e9gique d\u00e9troit d&rsquo;Ormuz.&hellip;\n","protected":false},"author":2,"featured_media":1059825,"comment_status":"","ping_status":"","sticky":false,"template":"","format":"standard","meta":{"footnotes":"","_share_on_mastodon":"0"},"categories":[1589],"tags":[1111,11,1921,5925,73,1866,1922,3019,113758,12,2543,1864,1865,1863,308,133,1920],"class_list":["post-1158056","post","type-post","status-publish","format-standard","has-post-thumbnail","category-etats-unis","tag-actu","tag-actualites","tag-article-video","tag-conflits-et-guerre","tag-etats-unis","tag-etats-unis-damerique","tag-info","tag-iran","tag-moyen-orient-le-bras-de-fer-se-poursuit-entre-liran-et-les-etats-unis","tag-news","tag-relations-internationales","tag-united-states","tag-united-states-of-america","tag-us","tag-usa","tag-video","tag-video-international"],"share_on_mastodon":{"url":"https:\/\/pubeurope.com\/@fr\/117186633634100627","error":""},"_links":{"self":[{"href":"https:\/\/www.europesays.com\/fr\/wp-json\/wp\/v2\/posts\/1158056","targetHints":{"allow":["GET"]}}],"collection":[{"href":"https:\/\/www.europesays.com\/fr\/wp-json\/wp\/v2\/posts"}],"about":[{"href":"https:\/\/www.europesays.com\/fr\/wp-json\/wp\/v2\/types\/post"}],"author":[{"embeddable":true,"href":"https:\/\/www.europesays.com\/fr\/wp-json\/wp\/v2\/users\/2"}],"replies":[{"embeddable":true,"href":"https:\/\/www.europesays.com\/fr\/wp-json\/wp\/v2\/comments?post=1158056"}],"version-history":[{"count":0,"href":"https:\/\/www.europesays.com\/fr\/wp-json\/wp\/v2\/posts\/1158056\/revisions"}],"wp:featuredmedia":[{"embeddable":true,"href":"https:\/\/www.europesays.com\/fr\/wp-json\/wp\/v2\/media\/1059825"}],"wp:attachment":[{"href":"https:\/\/www.europesays.com\/fr\/wp-json\/wp\/v2\/media?parent=1158056"}],"wp:term":[{"taxonomy":"category","embeddable":true,"href":"https:\/\/www.europesays.com\/fr\/wp-json\/wp\/v2\/categories?post=1158056"},{"taxonomy":"post_tag","embeddable":true,"href":"https:\/\/www.europesays.com\/fr\/wp-json\/wp\/v2\/tags?post=1158056"}],"curies":[{"name":"wp","href":"https:\/\/api.w.org\/{rel}","templated":true}]}}