{"id":1158057,"date":"2026-08-30T21:41:22","date_gmt":"2026-08-30T21:41:22","guid":{"rendered":"https:\/\/www.europesays.com\/fr\/1158057\/"},"modified":"2026-08-30T21:41:22","modified_gmt":"2026-08-30T21:41:22","slug":"deux-marins-francais-portes-disparus-naufrage-dun-chalutier-recherche-au-large-du-royaume-uni-ce-que-lon-sait","status":"publish","type":"post","link":"https:\/\/www.europesays.com\/fr\/1158057\/","title":{"rendered":"Deux marins fran\u00e7ais port\u00e9s disparus : naufrage d&rsquo;un chalutier, recherche au large du Royaume-Uni&#8230; ce que l&rsquo;on sait"},"content":{"rendered":"<p>\n                                                                    l&rsquo;essentiel<br \/>\n                                                                Un bateau de p\u00eache fran\u00e7ais immatricul\u00e9 \u00e0 Saint-Brieuc a fait naufrage dans la Manche samedi 29 ao\u00fbt, a annonc\u00e9 ce dimanche la Pr\u00e9fecture maritime de l&rsquo;Atlantique. Parmi les cinq marins pr\u00e9sents \u00e0 bord, deux sont toujours port\u00e9s disparus. Les recherches se poursuivent.\u00a0\n                            <\/p>\n<p>Les recherches ont dur\u00e9 toute la nuit et se poursuivent ce dimanche. En fin de journ\u00e9e samedi 29 ao\u00fbt, le Maranello, un chalutier fran\u00e7ais immatricul\u00e9 \u00e0 Saint-Brieuc, a fait naufrage\u00a0au large de Plymouth, dans le sud-ouest de l&rsquo;Angleterre, a annonc\u00e9\u00a0la Pr\u00e9fecture maritime de l&rsquo;Atlantique dans un communiqu\u00e9 ce dimanche 30 ao\u00fbt.<\/p>\n<p>La Pr\u00e9fecture maritime pr\u00e9cise que\u00a0le bateau a lanc\u00e9 un appel de d\u00e9tresse, dont on ignore encore les d\u00e9tails, signalant \u00ab\u00a0un probl\u00e8me avec son engin de p\u00eache\u00a0\u00bb. Suite \u00e0 \u00e7a,\u00a0un autre chalutier, le Stradale, \u00e9galement immatricul\u00e9 \u00e0 Saint-Brieuc et naviguant\u00a0dans le secteur,\u00a0a pu \u00ab\u00a0r\u00e9cup\u00e9rer trois des cinq membres d&rsquo;\u00e9quipage avant que le Maranello ne coule\u00a0\u00bb. Les deux autres marins restent toujours port\u00e9s disparus.<\/p>\n<p class=\"std-elt__inline\">\n        <strong>\u00c0 lire aussi :<\/strong><br \/>\n        <a href=\"https:\/\/www.ladepeche.fr\/2026\/08\/30\/plusieurs-morts-dans-le-naufrage-dun-ferry-avec-environ-270-personnes-a-bord-au-large-des-cotes-de-chypre-du-nord-13528666.php\" rel=\"nofollow noopener\" target=\"_blank\">Au moins sept morts et vingt-trois disparus dans le naufrage d&rsquo;un ferry avec environ deux cent soixante-dix personnes \u00e0 bord au large des c\u00f4tes nord de Chypre<\/a>\n    <\/p>\n<p>Des recherches intensives<\/p>\n<p>Un important dispositif de recherche\u00a0a \u00e9t\u00e9 d\u00e9ploy\u00e9 dans la zone. \u00ab\u00a0Le dispositif sur zone comprend actuellement le Falcon 50 de la Marine nationale, ainsi que deux vedettes de sauvetage et deux avions britanniques\u00a0\u00bb, a ajout\u00e9 la Pr\u00e9fecture maritime. Un b\u00e2timent de la Marine nationale ainsi que plusieurs navires de p\u00eache fran\u00e7ais y ont \u00e9galement pris part.<\/p>\n<p>\u00ab\u00a0Les garde-c\u00f4tes de Sa Majest\u00e9 ont poursuivi les recherches intensives pendant la nuit et elles se poursuivent\u00a0\u00bb dimanche, ont d\u00e9clar\u00e9 dans un communiqu\u00e9 les garde-c\u00f4tes britanniques.\u00a0Sur les trois marins que le second chalutier a pu secourir, deux ont \u00e9t\u00e9 ramen\u00e9s \u00e0 Plymouth, tandis que le troisi\u00e8me, bless\u00e9, a \u00e9t\u00e9 transport\u00e9 vers un h\u00f4pital britannique.<\/p>\n","protected":false},"excerpt":{"rendered":"l&rsquo;essentiel Un bateau de p\u00eache fran\u00e7ais immatricul\u00e9 \u00e0 Saint-Brieuc a fait naufrage dans la Manche samedi 29 ao\u00fbt,&hellip;\n","protected":false},"author":2,"featured_media":1158058,"comment_status":"","ping_status":"","sticky":false,"template":"","format":"standard","meta":{"footnotes":"","_share_on_mastodon":"0"},"categories":[1588],"tags":[11,1777,674,118,12,473,1853,1851,1850,1852],"class_list":["post-1158057","post","type-post","status-publish","format-standard","has-post-thumbnail","category-royaume-uni","tag-actualites","tag-eu","tag-europe","tag-faits-divers","tag-news","tag-royaume-uni","tag-royaume-uni-de-grande-bretagne-et-dirlande-du-nord","tag-uk","tag-united-kingdom","tag-united-kingdom-of-great-britain-and-northern-ireland"],"share_on_mastodon":{"url":"https:\/\/pubeurope.com\/@fr\/117186637771654700","error":""},"_links":{"self":[{"href":"https:\/\/www.europesays.com\/fr\/wp-json\/wp\/v2\/posts\/1158057","targetHints":{"allow":["GET"]}}],"collection":[{"href":"https:\/\/www.europesays.com\/fr\/wp-json\/wp\/v2\/posts"}],"about":[{"href":"https:\/\/www.europesays.com\/fr\/wp-json\/wp\/v2\/types\/post"}],"author":[{"embeddable":true,"href":"https:\/\/www.europesays.com\/fr\/wp-json\/wp\/v2\/users\/2"}],"replies":[{"embeddable":true,"href":"https:\/\/www.europesays.com\/fr\/wp-json\/wp\/v2\/comments?post=1158057"}],"version-history":[{"count":0,"href":"https:\/\/www.europesays.com\/fr\/wp-json\/wp\/v2\/posts\/1158057\/revisions"}],"wp:featuredmedia":[{"embeddable":true,"href":"https:\/\/www.europesays.com\/fr\/wp-json\/wp\/v2\/media\/1158058"}],"wp:attachment":[{"href":"https:\/\/www.europesays.com\/fr\/wp-json\/wp\/v2\/media?parent=1158057"}],"wp:term":[{"taxonomy":"category","embeddable":true,"href":"https:\/\/www.europesays.com\/fr\/wp-json\/wp\/v2\/categories?post=1158057"},{"taxonomy":"post_tag","embeddable":true,"href":"https:\/\/www.europesays.com\/fr\/wp-json\/wp\/v2\/tags?post=1158057"}],"curies":[{"name":"wp","href":"https:\/\/api.w.org\/{rel}","templated":true}]}}