{"id":1158059,"date":"2026-08-30T21:42:17","date_gmt":"2026-08-30T21:42:17","guid":{"rendered":"https:\/\/www.europesays.com\/fr\/1158059\/"},"modified":"2026-08-30T21:42:17","modified_gmt":"2026-08-30T21:42:17","slug":"allemagne-une-victoire-de-lafd-en-saxe-anhalt-refroidirait-les-investisseurs-etrangers-actualites-journal-chretien","status":"publish","type":"post","link":"https:\/\/www.europesays.com\/fr\/1158059\/","title":{"rendered":"Allemagne-Une victoire de l&rsquo;AfD en Saxe-Anhalt refroidirait les investisseurs \u00e9trangers &#8211; ACTUALIT\u00c9S &#8211; Journal Chr\u00e9tien"},"content":{"rendered":"<p class=\"post_meta\">30 ao\u00fbt 2026Reuters<\/p>\n<p>BERLIN, 30 ao\u00fbt (Reuters) \u2013 Le chancelier allemand Friedrich Merz a d\u00e9clar\u00e9 dimanche qu\u2019une victoire du parti d\u2019extr\u00eame-droite \u200bAfD \u200caux \u00e9lections r\u00e9gionales \u200bde \u2060Saxe-Anhalt la semaine prochaine nuirait \u200c\u00e0 \u200cce Land de l\u2019Est du pays et dissuaderait les entreprises \u200b\u00e9trang\u00e8res d\u2019y investir.<\/p>\n<p>\u00ab\u00a0Je ne peux imaginer des investisseurs internationaux \u00eatre pr\u00e9sents \u00e0 une c\u00e9r\u00e9monie importante avec un \u2060ministre-pr\u00e9sident de l\u2019AfD pour cr\u00e9er \u2060de nouvelles usines et \u00e9tablir de nouvelles activit\u00e9s \u00e9conomiques en Saxe-Anhalt\u00a0\u00bb, a-t-il dit dans une interview \u2060\u00e0 la \u200ct\u00e9l\u00e9vision publique ARD.<\/p>\n<p>\u00ab\u00a0Cependant, la \u2060d\u00e9cision revient aux \u00e9lecteurs \u200bde \u200bSaxe-Anhalt. Le Land subira des dommages \u200bconsid\u00e9rables si les choses tournent comme nous \u200cle \u200bredoutons maintenant\u00a0\u00bb, a-t-il ajout\u00e9.<\/p>\n<p>Selon un sondage r\u00e9cent, \u200bl\u2019AfD, ou \u00ab\u00a0Alternative pour l\u2019Allemagne\u00a0\u00bb, vient actuellement largement en t\u00eate des sondages d\u2019opinion, avec 42% des intentions de vote, \u2060contre 22% pour les Chr\u00e9tiens d\u00e9mocrates conservateurs du \u200bchancelier.<\/p>\n<p> (James Mackenzie, version fran\u00e7aise \u200bGilles Guillaume)<\/p>\n<p><a href=\"https:\/\/chretiens.com\/actualites\/allemagne-une-victoire-de-lafd\/2026\/08\/30\/22\/11\/attachment\/photo-darchive-ulrich-siegmund-tete-de-liste-du-parti\/\" rel=\"nofollow noopener\" target=\"_blank\"><img decoding=\"async\" src=\"https:\/\/www.europesays.com\/fr\/wp-content\/uploads\/2026\/08\/tagreuters.com2026binary_LYNXMPEM7T0KW-FILEDIMAGE-scaled.jpg\" alt=\"tagreuters.com2026binary_LYNXMPEM7T0KW-FILEDIMAGE\"\/><\/a><\/p>\n<p><a href=\"https:\/\/chretiens.com\/actualites\/allemagne-une-victoire-de-lafd\/2026\/08\/30\/22\/11\/attachment\/photo-darchives-ulrich-siegmund-candidat-favori-du-parti-dextreme\/\" rel=\"nofollow noopener\" target=\"_blank\"><img decoding=\"async\" src=\"https:\/\/www.europesays.com\/fr\/wp-content\/uploads\/2026\/08\/tagreuters.com2026binary_LYNXMPEM7T0KM-FILEDIMAGE-scaled.jpg\" alt=\"tagreuters.com2026binary_LYNXMPEM7T0KM-FILEDIMAGE\"\/><\/a><\/p>\n<p style=\"display: inline;\">, c\u2019est-\u00e0-dire un m\u00e9dia d&rsquo;information et d&rsquo;opinion d&rsquo;inspiration chr\u00e9tienne qui diffuse ses contenus exclusivement sur Internet, sans \u00e9dition papier. <\/p>\n<p style=\"display: inline;\">\nIl fait partie des sources d\u2019information officielles de Google Actualit\u00e9s ou Google News depuis 2006.\n<\/p>\n<p style=\"display: inline;\">. <\/p>\n","protected":false},"excerpt":{"rendered":"30 ao\u00fbt 2026Reuters BERLIN, 30 ao\u00fbt (Reuters) \u2013 Le chancelier allemand Friedrich Merz a d\u00e9clar\u00e9 dimanche qu\u2019une victoire&hellip;\n","protected":false},"author":2,"featured_media":1128452,"comment_status":"","ping_status":"","sticky":false,"template":"","format":"standard","meta":{"footnotes":"","_share_on_mastodon":"0"},"categories":[1587],"tags":[11,672,1804,1805,1803,1777,674,1801,12,1802],"class_list":["post-1158059","post","type-post","status-publish","format-standard","has-post-thumbnail","category-allemagne","tag-actualites","tag-allemagne","tag-bundesrepublik-deutschland","tag-de","tag-deutschland","tag-eu","tag-europe","tag-germany","tag-news","tag-republique-federale-dallemagne"],"share_on_mastodon":{"url":"https:\/\/pubeurope.com\/@fr\/117186644473262335","error":""},"_links":{"self":[{"href":"https:\/\/www.europesays.com\/fr\/wp-json\/wp\/v2\/posts\/1158059","targetHints":{"allow":["GET"]}}],"collection":[{"href":"https:\/\/www.europesays.com\/fr\/wp-json\/wp\/v2\/posts"}],"about":[{"href":"https:\/\/www.europesays.com\/fr\/wp-json\/wp\/v2\/types\/post"}],"author":[{"embeddable":true,"href":"https:\/\/www.europesays.com\/fr\/wp-json\/wp\/v2\/users\/2"}],"replies":[{"embeddable":true,"href":"https:\/\/www.europesays.com\/fr\/wp-json\/wp\/v2\/comments?post=1158059"}],"version-history":[{"count":0,"href":"https:\/\/www.europesays.com\/fr\/wp-json\/wp\/v2\/posts\/1158059\/revisions"}],"wp:featuredmedia":[{"embeddable":true,"href":"https:\/\/www.europesays.com\/fr\/wp-json\/wp\/v2\/media\/1128452"}],"wp:attachment":[{"href":"https:\/\/www.europesays.com\/fr\/wp-json\/wp\/v2\/media?parent=1158059"}],"wp:term":[{"taxonomy":"category","embeddable":true,"href":"https:\/\/www.europesays.com\/fr\/wp-json\/wp\/v2\/categories?post=1158059"},{"taxonomy":"post_tag","embeddable":true,"href":"https:\/\/www.europesays.com\/fr\/wp-json\/wp\/v2\/tags?post=1158059"}],"curies":[{"name":"wp","href":"https:\/\/api.w.org\/{rel}","templated":true}]}}