{"id":1158078,"date":"2026-08-30T22:00:20","date_gmt":"2026-08-30T22:00:20","guid":{"rendered":"https:\/\/www.europesays.com\/fr\/1158078\/"},"modified":"2026-08-30T22:00:20","modified_gmt":"2026-08-30T22:00:20","slug":"la-photographe-helene-cayeux-mise-en-lumiere-aux-journees-du-patrimoine-de-nantes","status":"publish","type":"post","link":"https:\/\/www.europesays.com\/fr\/1158078\/","title":{"rendered":"La photographe H\u00e9l\u00e8ne Cayeux mise en lumi\u00e8re aux Journ\u00e9es du patrimoine de Nantes"},"content":{"rendered":"<p data-ofstats-scroll=\"read_depth_30\">Souriante, H\u00e9l\u00e8ne Cayeux pose devant une photo de jeunes femmes pr\u00e9sent\u00e9e, en 1995, lors d\u2019une exposition au Centre d\u2019histoire du travail, \u00ab\u00a0R\u00eaves de bo\u00eetes\u00a0\u00bb. C\u2019est ce portrait d\u2019elle que l\u2019on va d\u00e9couvrir sur l\u2019affiche nantaise des Journ\u00e9es du patrimoine et du matrimoine en septembre\u00a02026, \u00e0 l\u2019occasion de l\u2019\u00e9dition 2026. La th\u00e9matique nationale de ces Journ\u00e9es est consacr\u00e9e au patrimoine de la photographie et au patrimoine en p\u00e9ril, raviver, r\u00e9sister, r\u00e9imaginer, et au bicentenaire de la photographie.<\/p>\n<p data-ofstats-scroll=\"read_depth_40\">La Ville de Nantes a d\u00e9cid\u00e9 de mettre en valeur la photographe H\u00e9l\u00e8ne Cayeux, dont l\u2019\u0153uvre constitue un t\u00e9moignage pr\u00e9cieux du monde du travail nantais, des chantiers Dubigeon aux filles de Chantelle\u00a9.<\/p>\n<\/p>\n<p>                        <img decoding=\"async\" class=\"su-media\" title=\"Une photo d\u2019H\u00e9l\u00e8ne Cayeux au moment du projet de fermeture de Chantelle\u00a9, \u00e0 Saint-Herblain\u00a0(Loire-Atlantique). Devant l\u2019usine, le 9\u00a0mai 1994, les ouvri\u00e8res jettent les lettres de la direction au feu.\" src=\"data:image\/png;base64,iVBORw0KGgoAAAANSUhEUgAAABAAAAAJCAYAAAA7KqwyAAAAGXRFWHRTb2Z0d2FyZQBBZG9iZSBJbWFnZVJlYWR5ccllPAAAABhJREFUeNpi\/P\/\/PwMlgHHUgFEDgAAgwAD+lBrvy+NcxAAAAABJRU5ErkJggg==\" data-oflazyload=\"{&quot;srcset&quot;:&quot;https:\/\/media.ouest-france.fr\/v1\/pictures\/MjAyNjA4MzM2MTRlNTc2Yzk0YjU0MjZiMjNkNzY2YjFmZjdlMmU?width=320&amp;focuspoint=50%2C25&amp;cropresize=1&amp;client_id=bpeditorial&amp;sign=c21e43772ae6393df0a0590177efee65cea2631e0262a1b0346c0a59ee19af07 280w, https:\/\/media.ouest-france.fr\/v1\/pictures\/MjAyNjA4MzM2MTRlNTc2Yzk0YjU0MjZiMjNkNzY2YjFmZjdlMmU?width=375&amp;focuspoint=50%2C25&amp;cropresize=1&amp;client_id=bpeditorial&amp;sign=764cd74d74d89f0dfbd438efa8bc567f2bc812170a543d87d90abd57549e5711 360w, https:\/\/media.ouest-france.fr\/v1\/pictures\/MjAyNjA4MzM2MTRlNTc2Yzk0YjU0MjZiMjNkNzY2YjFmZjdlMmU?width=480&amp;focuspoint=50%2C25&amp;cropresize=1&amp;client_id=bpeditorial&amp;sign=1e1102379db0f03430fe8196d752cd13aef3b242bbf57f075db5b84508b391a8 480w, https:\/\/media.ouest-france.fr\/v1\/pictures\/MjAyNjA4MzM2MTRlNTc2Yzk0YjU0MjZiMjNkNzY2YjFmZjdlMmU?width=630&amp;focuspoint=50%2C25&amp;cropresize=1&amp;client_id=bpeditorial&amp;sign=ede4a1b2ad7915bc6501a293d44bbea5f38992df787fbfe34cbe5b1e7aeacdb6 630w, https:\/\/media.ouest-france.fr\/v1\/pictures\/MjAyNjA4MzM2MTRlNTc2Yzk0YjU0MjZiMjNkNzY2YjFmZjdlMmU?width=940&amp;focuspoint=50%2C25&amp;cropresize=1&amp;client_id=bpeditorial&amp;sign=1852bfe0d6a145dd7bf84b04127e5b0a9f80c671cf5965542e8f19dd1633e0be 940w, https:\/\/media.ouest-france.fr\/v1\/pictures\/MjAyNjA4MzM2MTRlNTc2Yzk0YjU0MjZiMjNkNzY2YjFmZjdlMmU?width=1260&amp;focuspoint=50%2C25&amp;cropresize=1&amp;client_id=bpeditorial&amp;sign=236c7559d468b96316fe8b01fb47656d57a03ab39f6574c3c6f8f0a18ab5d37f 1260w&quot; }\"\/><\/p>\n<p>                    Une photo d\u2019H\u00e9l\u00e8ne Cayeux au moment du projet de fermeture de Chantelle\u00a9, \u00e0 Saint-Herblain\u00a0(Loire-Atlantique). Devant l\u2019usine, le 9\u00a0mai 1994, les ouvri\u00e8res jettent les lettres de la direction au feu. | ARCHIVES H\u00c9L\u00c8NE CAYEUX<br \/>\n                    Voir en plein \u00e9cran<\/p>\n<p>                    <img decoding=\"async\" class=\"media\" title=\"Une photo d\u2019H\u00e9l\u00e8ne Cayeux au moment du projet de fermeture de Chantelle\u00a9, \u00e0 Saint-Herblain\u00a0(Loire-Atlantique). Devant l\u2019usine, le 9\u00a0mai 1994, les ouvri\u00e8res jettent les lettres de la direction au feu.\" data-oflazyload=\"{&quot;srcset&quot;:&quot;https:\/\/media.ouest-france.fr\/v1\/pictures\/MjAyNjA4MzM2MTRlNTc2Yzk0YjU0MjZiMjNkNzY2YjFmZjdlMmU?width=320&amp;focuspoint=50%2C25&amp;cropresize=1&amp;client_id=bpeditorial&amp;sign=c21e43772ae6393df0a0590177efee65cea2631e0262a1b0346c0a59ee19af07 280w, https:\/\/media.ouest-france.fr\/v1\/pictures\/MjAyNjA4MzM2MTRlNTc2Yzk0YjU0MjZiMjNkNzY2YjFmZjdlMmU?width=375&amp;focuspoint=50%2C25&amp;cropresize=1&amp;client_id=bpeditorial&amp;sign=764cd74d74d89f0dfbd438efa8bc567f2bc812170a543d87d90abd57549e5711 360w, https:\/\/media.ouest-france.fr\/v1\/pictures\/MjAyNjA4MzM2MTRlNTc2Yzk0YjU0MjZiMjNkNzY2YjFmZjdlMmU?width=480&amp;focuspoint=50%2C25&amp;cropresize=1&amp;client_id=bpeditorial&amp;sign=1e1102379db0f03430fe8196d752cd13aef3b242bbf57f075db5b84508b391a8 480w, https:\/\/media.ouest-france.fr\/v1\/pictures\/MjAyNjA4MzM2MTRlNTc2Yzk0YjU0MjZiMjNkNzY2YjFmZjdlMmU?width=630&amp;focuspoint=50%2C25&amp;cropresize=1&amp;client_id=bpeditorial&amp;sign=ede4a1b2ad7915bc6501a293d44bbea5f38992df787fbfe34cbe5b1e7aeacdb6 630w, https:\/\/media.ouest-france.fr\/v1\/pictures\/MjAyNjA4MzM2MTRlNTc2Yzk0YjU0MjZiMjNkNzY2YjFmZjdlMmU?width=940&amp;focuspoint=50%2C25&amp;cropresize=1&amp;client_id=bpeditorial&amp;sign=1852bfe0d6a145dd7bf84b04127e5b0a9f80c671cf5965542e8f19dd1633e0be 940w, https:\/\/media.ouest-france.fr\/v1\/pictures\/MjAyNjA4MzM2MTRlNTc2Yzk0YjU0MjZiMjNkNzY2YjFmZjdlMmU?width=1260&amp;focuspoint=50%2C25&amp;cropresize=1&amp;client_id=bpeditorial&amp;sign=236c7559d468b96316fe8b01fb47656d57a03ab39f6574c3c6f8f0a18ab5d37f 1260w&quot; }\"\/><br \/>\n                    Une photo d\u2019H\u00e9l\u00e8ne Cayeux au moment du projet de fermeture de Chantelle\u00a9, \u00e0 Saint-Herblain\u00a0(Loire-Atlantique). Devant l\u2019usine, le 9\u00a0mai 1994, les ouvri\u00e8res jettent les lettres de la direction au feu. | ARCHIVES H\u00c9L\u00c8NE CAYEUX<\/p>\n<p data-ofstats-scroll=\"read_depth_50\">Regard sensible, talent immense, H\u00e9l\u00e8ne Cayeux\u00a0(1946-2017) a travaill\u00e9 pendant vingt ans \u00e0 la r\u00e9daction d\u2019Ouest-France, \u00e0 Nantes depuis 1970, et \u00e0 Paris. Auparavant, elle avait commenc\u00e9 sa vie professionnelle dans des studios de publicit\u00e9, puis \u00e0 l\u2019AFP\u00a0(Agence France-Presse) \u00e0 la fin des ann\u00e9es 1970. Elle avait rejoint Ouest-France o\u00f9 elle fut pigiste, puis reporter photographe. Elle s\u2019int\u00e9ressait aux gens simples, au monde du travail, \u00e0 l\u2019aspect social comme aux m\u00e9tiers.<\/p>\n<p>        \u00ab\u00a0De la \u201cfamille\u201d de celles et ceux qui triment, r\u00e9sistent et se battent\u00a0\u00bb<\/p>\n<p data-ofstats-scroll=\"read_depth_70\">Son travail autour des mouvements ouvriers pr\u00e9sente l\u2019action d\u2019associations nantaises actrices de ces Journ\u00e9es, comme le Centre d\u2019histoire du travail\u00a0(CHT) ou encore la Maison des hommes et des techniques\u00a0(MHT),pr\u00e9sente la Ville de Nantes.  H\u00e9l\u00e8ne Cayeux avait l\u2019\u0153il\u00a0: cette capacit\u00e9 rare \u00e0 saisir l\u2019essentiel en un seul clich\u00e9. Pour les syndicalistes qui l\u2019ont c\u00f4toy\u00e9e, elle faisait partie de la \u201cfamille\u201d de celles et ceux qui triment, r\u00e9sistent et se battent. <\/p>\n<p data-ofstats-scroll=\"read_depth_100\">H\u00e9l\u00e8ne Cayeux a confi\u00e9 l\u2019essentiel de son fonds de 40\u00a0000\u00a0photographies au Centre d\u2019histoire du travail de Nantes, qui lui a d\u00e9j\u00e0 consacr\u00e9 une exposition en 1995. Le CHT a pr\u00e9par\u00e9 une nouvelle exposition Intitul\u00e9e \u00ab\u00a0Au contact de la machine, le regard d\u2019H\u00e9l\u00e8ne Cayeux\u00a0\u00bb, qui sera expos\u00e9e \u00e0 l\u2019h\u00f4tel de Ville de Nantes.  Ses archives photographiques constituent une ressource majeure pour comprendre l\u2019\u00e9volution du monde ouvrier et des mobilisations sociales. Elles rappellent combien la photographie peut \u00eatre un outil de m\u00e9moire, de transmission et d\u2019\u00e9mancipation\u00a0\u00bb,souligne la Ville de Nantes.<\/p>\n","protected":false},"excerpt":{"rendered":"Souriante, H\u00e9l\u00e8ne Cayeux pose devant une photo de jeunes femmes pr\u00e9sent\u00e9e, en 1995, lors d\u2019une exposition au Centre&hellip;\n","protected":false},"author":2,"featured_media":1158079,"comment_status":"","ping_status":"","sticky":false,"template":"","format":"standard","meta":{"footnotes":"","_share_on_mastodon":"0"},"categories":[1358],"tags":[1348,1384,1385,1386,58,59,1349,1011,27,937,766,2551,4286],"class_list":["post-1158078","post","type-post","status-publish","format-standard","has-post-thumbnail","category-arts-et-design","tag-arts","tag-arts-and-design","tag-arts-et-design","tag-design","tag-divertissement","tag-entertainment","tag-expositions","tag-fr","tag-france","tag-histoire","tag-nantes","tag-patrimoine","tag-saint-herblain"],"share_on_mastodon":{"url":"https:\/\/pubeurope.com\/@fr\/117186712344897328","error":""},"_links":{"self":[{"href":"https:\/\/www.europesays.com\/fr\/wp-json\/wp\/v2\/posts\/1158078","targetHints":{"allow":["GET"]}}],"collection":[{"href":"https:\/\/www.europesays.com\/fr\/wp-json\/wp\/v2\/posts"}],"about":[{"href":"https:\/\/www.europesays.com\/fr\/wp-json\/wp\/v2\/types\/post"}],"author":[{"embeddable":true,"href":"https:\/\/www.europesays.com\/fr\/wp-json\/wp\/v2\/users\/2"}],"replies":[{"embeddable":true,"href":"https:\/\/www.europesays.com\/fr\/wp-json\/wp\/v2\/comments?post=1158078"}],"version-history":[{"count":0,"href":"https:\/\/www.europesays.com\/fr\/wp-json\/wp\/v2\/posts\/1158078\/revisions"}],"wp:featuredmedia":[{"embeddable":true,"href":"https:\/\/www.europesays.com\/fr\/wp-json\/wp\/v2\/media\/1158079"}],"wp:attachment":[{"href":"https:\/\/www.europesays.com\/fr\/wp-json\/wp\/v2\/media?parent=1158078"}],"wp:term":[{"taxonomy":"category","embeddable":true,"href":"https:\/\/www.europesays.com\/fr\/wp-json\/wp\/v2\/categories?post=1158078"},{"taxonomy":"post_tag","embeddable":true,"href":"https:\/\/www.europesays.com\/fr\/wp-json\/wp\/v2\/tags?post=1158078"}],"curies":[{"name":"wp","href":"https:\/\/api.w.org\/{rel}","templated":true}]}}