{"id":1158096,"date":"2026-08-30T22:10:45","date_gmt":"2026-08-30T22:10:45","guid":{"rendered":"https:\/\/www.europesays.com\/fr\/1158096\/"},"modified":"2026-08-30T22:10:45","modified_gmt":"2026-08-30T22:10:45","slug":"mort-dharald-v-les-funerailles-du-roi-de-norvege-auront-lieu-le-9-septembre","status":"publish","type":"post","link":"https:\/\/www.europesays.com\/fr\/1158096\/","title":{"rendered":"Mort d&rsquo;Harald V: les fun\u00e9railles du roi de Norv\u00e8ge auront lieu le 9 septembre"},"content":{"rendered":"<p>Mort vendredi 28\u00a0ao\u00fbt, Harald \u00e9tait hospitalis\u00e9 depuis le 17 ao\u00fbt. Le souverain souffrait d&rsquo;une an\u00e9mie h\u00e9molytique, une maladie du sang provoqu\u00e9e par une destruction anormalement rapide des globules rouges et qui entra\u00eene fatigue et essoufflement.<\/p>\n<p>Les fun\u00e9railles du <a href=\"https:\/\/www.bfmtv.com\/people\/tetes-couronnees\/mort-de-harald-v-sonja-son-grand-amour-envers-et-contre-tout_AD-202608290097.html\" title=\"Mort de Harald V: Sonja, son grand amour envers et contre tout\" class=\"internal_link\" rel=\"nofollow noopener\" target=\"_blank\">roi Harald de Norv\u00e8ge<\/a>, d\u00e9c\u00e9d\u00e9 vendredi \u00e0 l&rsquo;\u00e2ge de 89 ans, auront lieu le 9 septembre, a annonc\u00e9 dimanche 30 ao\u00fbt le Palais royal.<\/p>\n<p>\u00ab\u00a0La c\u00e9r\u00e9monie fun\u00e9raire pour le roi Harald V se d\u00e9roulera \u00e0 la cath\u00e9drale d&rsquo;Oslo le mercredi 9 septembre \u00e0 13H00\u00a0\u00bb locales (11H00 GMT), pr\u00e9cise le communiqu\u00e9.<\/p>\n<p><img decoding=\"async\" src=\"https:\/\/www.europesays.com\/fr\/wp-content\/uploads\/2026\/08\/principale-255_3.jpg\"  alt=\"La mort de Harald V, roi de Norv\u00e8ge, progressiste et rassembleur, laisse son peuple sous le choc\" title=\"La mort de Harald V, roi de Norv\u00e8ge, progressiste et rassembleur, laisse son peuple sous le choc\"\/>La mort de Harald V, roi de Norv\u00e8ge, progressiste et rassembleur, laisse son peuple sous le choc<\/p>\n<p>Le nouveau souverain de Norv\u00e8ge Haakon VIII a rendu hommage ce dimanche \u00e0 son p\u00e8re le roi Harald, mort deux jours plus t\u00f4t, lors d&rsquo;un office religieux, avec des c\u00e9r\u00e9monies organis\u00e9es \u00e0 travers le pays en sa m\u00e9moire.<\/p>\n<blockquote class=\"embed embed_quote\"><p>\u00ab\u00a0Avant tout, tu \u00e9tais une personne rest\u00e9e fid\u00e8le \u00e0 tes valeurs et d\u00e9vou\u00e9e \u00e0 tes devoirs\u00a0\u00bb, a d\u00e9clar\u00e9 le roi Haakon \u00e0 propos de son p\u00e8re, lors de son premier discours public, diffus\u00e9 samedi \u00e0 la t\u00e9l\u00e9vision nationale.<\/p><\/blockquote>\n<p>Le nouveau souverain a \u00e9galement dit avoir \u00e9t\u00e9 \u00ab\u00a0profond\u00e9ment \u00e9mu de voir toutes ces personnes, ces bougies, ces messages et ces fleurs remplir la place du Palais\u00a0\u00bb.<\/p>\n<p><img loading=\"lazy\" decoding=\"async\" src=\"https:\/\/www.europesays.com\/fr\/wp-content\/uploads\/2026\/08\/placeholder_lcp_video.96eed35e85390f3458d7c37050ae758e.webp\" width=\"16\" height=\"9\" alt=\"placeholder video\" class=\"bitmovin-placeholder\"\/><\/p>\n<p>\u00ab\u00a0Nous sommes en deuil, mais en m\u00eame temps, le fait de voir que tant de personnes partagent notre peine nous apporte r\u00e9confort et force\u00a0\u00bb, a-t-il t\u00e9moign\u00e9.<\/p>\n<p>Hospitalis\u00e9 depuis le 17 ao\u00fbt, Harald souffrait d&rsquo;une an\u00e9mie h\u00e9molytique, une maladie du sang provoqu\u00e9e par une destruction anormalement rapide des globules rouges et qui entra\u00eene fatigue et essoufflement.<\/p>\n","protected":false},"excerpt":{"rendered":"Mort vendredi 28\u00a0ao\u00fbt, Harald \u00e9tait hospitalis\u00e9 depuis le 17 ao\u00fbt. Le souverain souffrait d&rsquo;une an\u00e9mie h\u00e9molytique, une maladie&hellip;\n","protected":false},"author":2,"featured_media":1158097,"comment_status":"","ping_status":"","sticky":false,"template":"","format":"standard","meta":{"footnotes":"","_share_on_mastodon":"0"},"categories":[5],"tags":[11,1011,27,14,12,28],"class_list":["post-1158096","post","type-post","status-publish","format-standard","has-post-thumbnail","category-international","tag-actualites","tag-fr","tag-france","tag-international","tag-news","tag-world"],"share_on_mastodon":{"url":"https:\/\/pubeurope.com\/@fr\/117186753738404353","error":""},"_links":{"self":[{"href":"https:\/\/www.europesays.com\/fr\/wp-json\/wp\/v2\/posts\/1158096","targetHints":{"allow":["GET"]}}],"collection":[{"href":"https:\/\/www.europesays.com\/fr\/wp-json\/wp\/v2\/posts"}],"about":[{"href":"https:\/\/www.europesays.com\/fr\/wp-json\/wp\/v2\/types\/post"}],"author":[{"embeddable":true,"href":"https:\/\/www.europesays.com\/fr\/wp-json\/wp\/v2\/users\/2"}],"replies":[{"embeddable":true,"href":"https:\/\/www.europesays.com\/fr\/wp-json\/wp\/v2\/comments?post=1158096"}],"version-history":[{"count":0,"href":"https:\/\/www.europesays.com\/fr\/wp-json\/wp\/v2\/posts\/1158096\/revisions"}],"wp:featuredmedia":[{"embeddable":true,"href":"https:\/\/www.europesays.com\/fr\/wp-json\/wp\/v2\/media\/1158097"}],"wp:attachment":[{"href":"https:\/\/www.europesays.com\/fr\/wp-json\/wp\/v2\/media?parent=1158096"}],"wp:term":[{"taxonomy":"category","embeddable":true,"href":"https:\/\/www.europesays.com\/fr\/wp-json\/wp\/v2\/categories?post=1158096"},{"taxonomy":"post_tag","embeddable":true,"href":"https:\/\/www.europesays.com\/fr\/wp-json\/wp\/v2\/tags?post=1158096"}],"curies":[{"name":"wp","href":"https:\/\/api.w.org\/{rel}","templated":true}]}}