{"id":1158106,"date":"2026-08-30T22:18:24","date_gmt":"2026-08-30T22:18:24","guid":{"rendered":"https:\/\/www.europesays.com\/fr\/1158106\/"},"modified":"2026-08-30T22:18:24","modified_gmt":"2026-08-30T22:18:24","slug":"ligue-2-as-nancy-lorraine-tout-nouveau-tout-beau-et-avec-de-lancien","status":"publish","type":"post","link":"https:\/\/www.europesays.com\/fr\/1158106\/","title":{"rendered":"Ligue 2. AS Nancy Lorraine\u00a0: tout nouveau, tout beau et avec de l\u2019ancien\u00a0!"},"content":{"rendered":"<p>Nancy &#8211; Dunkerque<\/p>\n<p>2-0<\/p>\n<p>C\u2019est bien connu\u00a0: on peut faire dire beaucoup de choses aux chiffres. En voyant l\u2019ASNL avec 7 points en 4 matchs de L2, on peut rappeler que, la saison derni\u00e8re, au m\u00eame moment du championnat, la formation au chardon totalisait 8 unit\u00e9s au compteur, soit un point de plus qu\u2019aujourd\u2019hui\u2026<\/p>\n<p>Un d\u00e9but de saison canon qui n\u2019avait pas emp\u00each\u00e9 la bande \u00e0 <a href=\"https:\/\/www.estrepublicain.fr\/p\/pablo-correa\" target=\"_blank\" rel=\"nofollow noopener\">Pablo Correa<\/a> de lutter jusqu\u2019au bout pour se sauver. Cela montre bien qu\u2019il ne faut \u00e9videmment pas tirer de conclusions trop h\u00e2tives, apr\u00e8s quatre journ\u00e9es de comp\u00e9tition. Mais, si beaucoup de supporters nanc\u00e9iens sont repartis de Marcel-Picot confiants pour la suite, vendredi, c\u2019est pour une raison qui va bien au-del\u00e0 du classement \u00e0 l\u2019instant T. C\u2019est pour <a href=\"https:\/\/www.estrepublicain.fr\/sport\/2026\/08\/28\/l-as-nancy-lorraine-s-offre-un-premier-succes-a-domicile-face-a-dunkerque\" target=\"_blank\" rel=\"nofollow noopener\">la mani\u00e8re avec laquelle l\u2019ASNL a domin\u00e9 Dunkerque (2-0)<\/a>. L\u2019expulsion&#8230;<\/p>\n","protected":false},"excerpt":{"rendered":"Nancy &#8211; Dunkerque 2-0 C\u2019est bien connu\u00a0: on peut faire dire beaucoup de choses aux chiffres. En voyant&hellip;\n","protected":false},"author":2,"featured_media":1158107,"comment_status":"","ping_status":"","sticky":false,"template":"","format":"standard","meta":{"footnotes":"","_share_on_mastodon":"0"},"categories":[9635],"tags":[1111,11,3703,1704,1777,674,107,1701,63,1011,27,775,1702,1703,12,25,517,1700],"class_list":["post-1158106","post","type-post","status-publish","format-standard","has-post-thumbnail","category-nancy","tag-actu","tag-actualites","tag-asnl","tag-edition-nancy-et-agglomeration","tag-eu","tag-europe","tag-fil-info","tag-fil-info-sport","tag-football","tag-fr","tag-france","tag-grand-est","tag-nancy","tag-nancy-ville-54b","tag-news","tag-republique-francaise","tag-sport","tag-sport-lorrain"],"share_on_mastodon":{"url":"https:\/\/pubeurope.com\/@fr\/117186782959173670","error":""},"_links":{"self":[{"href":"https:\/\/www.europesays.com\/fr\/wp-json\/wp\/v2\/posts\/1158106","targetHints":{"allow":["GET"]}}],"collection":[{"href":"https:\/\/www.europesays.com\/fr\/wp-json\/wp\/v2\/posts"}],"about":[{"href":"https:\/\/www.europesays.com\/fr\/wp-json\/wp\/v2\/types\/post"}],"author":[{"embeddable":true,"href":"https:\/\/www.europesays.com\/fr\/wp-json\/wp\/v2\/users\/2"}],"replies":[{"embeddable":true,"href":"https:\/\/www.europesays.com\/fr\/wp-json\/wp\/v2\/comments?post=1158106"}],"version-history":[{"count":0,"href":"https:\/\/www.europesays.com\/fr\/wp-json\/wp\/v2\/posts\/1158106\/revisions"}],"wp:featuredmedia":[{"embeddable":true,"href":"https:\/\/www.europesays.com\/fr\/wp-json\/wp\/v2\/media\/1158107"}],"wp:attachment":[{"href":"https:\/\/www.europesays.com\/fr\/wp-json\/wp\/v2\/media?parent=1158106"}],"wp:term":[{"taxonomy":"category","embeddable":true,"href":"https:\/\/www.europesays.com\/fr\/wp-json\/wp\/v2\/categories?post=1158106"},{"taxonomy":"post_tag","embeddable":true,"href":"https:\/\/www.europesays.com\/fr\/wp-json\/wp\/v2\/tags?post=1158106"}],"curies":[{"name":"wp","href":"https:\/\/api.w.org\/{rel}","templated":true}]}}