{"id":1158113,"date":"2026-08-30T22:28:18","date_gmt":"2026-08-30T22:28:18","guid":{"rendered":"https:\/\/www.europesays.com\/fr\/1158113\/"},"modified":"2026-08-30T22:28:18","modified_gmt":"2026-08-30T22:28:18","slug":"non-grenoble-netait-pas-la-derniere-equipe-de-l1-a-faire-le-2-2-ligue-1-j2-monaco-om-2-0","status":"publish","type":"post","link":"https:\/\/www.europesays.com\/fr\/1158113\/","title":{"rendered":"Non, Grenoble n\u2019\u00e9tait pas la derni\u00e8re \u00e9quipe de L1 \u00e0 faire le 2\/2 &#8211; Ligue 1 &#8211; J2 &#8211; Monaco-OM (2-0)"},"content":{"rendered":"<p>On remet dans l\u2019ordre. Au coup de sifflet final du <a target=\"_blank\" href=\"https:\/\/www.sofoot.com\/articles\/ligue-1-les-tops-et-les-flops-de-monaco-om\" rel=\"nofollow noopener\">choc entre Monaco et Marseille<\/a>, quelques sourcils se sont lev\u00e9s (et pas seulement celui de Carlo Ancelotti) \u00e0 l\u2019\u00e9coute du plateau de Ligue 1+. On a pu entendre que l\u2019ASM, avec <strong>deux victoires en deux journ\u00e9es<\/strong>, \u00e9tait la premi\u00e8re \u00e9quipe \u00e0 six points \u00e0 ce stade de la saison en Ligue 1 depuis <strong>Grenoble en 2008<\/strong>. L\u2019\u00ab\u202finformation\u202f\u00bb a \u00e9t\u00e9 imm\u00e9diatement relay\u00e9e sur les r\u00e9seaux sociaux, mais c\u2019est \u00e9videmment faux : il suffit de remonter \u00e0 l\u2019an dernier pour voir Toulouse lancer sa saison par deux victoires.<\/p>\n<p>Ce n\u2019est pas tout : ce mois d\u2019ao\u00fbt 2025 avait aussi vu l\u2019OL gagner ses trois premiers matchs de championnat, quand le PSG avait align\u00e9 quatre victoires. On vous \u00e9pargne la liste compl\u00e8te des 18 derni\u00e8res ann\u00e9es. En revanche, et c\u2019est l\u00e0 que les pinceaux ont d\u00fb s\u2019emm\u00ealer, l\u2019AS Monaco est <strong>la premi\u00e8re \u00e9quipe depuis le GF38 de 2008 qui occupe la t\u00eate du championnat en solo avec six points<\/strong> au soir de la deuxi\u00e8me journ\u00e9e.<\/p>\n<p>Ce n\u2019est pas la stat de l\u2019ann\u00e9e, mais elle a le m\u00e9rite d\u2019exister.<\/p>\n<p>\t\t\t\t\t\t\t\t\t\t<a class=\"lien-connexe\" href=\"https:\/\/www.sofoot.com\/articles\/ligue-1-les-tops-et-les-flops-de-monaco-om\" rel=\"nofollow noopener\" target=\"_blank\">Les notes de Monaco-OM<\/a>\t\t\t\t\t <\/p>\n<p>\t\t\t\t\t\t\tCommentaires<br \/>\n\t\t\t\t\t\t\t\tLes membres ont post\u00e9<br \/>\n\t\t\t\t\t\t\t\t2 commentaires<br \/>\n\t\t\t\t\t\t\t\tsur cet article.<br \/>\n\t\t\t\t\t\t\t\tParticipez \u00e0 la discussion<br \/>\n\t\t\t\t\t\t\t\t\t<a href=\"http:\/\/www.sofoot.com\/compte?back=https:\/\/www.sofoot.com\/breves\/monaco-om-non-grenoble-netait-pas-la-derniere-equipe-de-ligue-1-a-six-points-apres-deux-journees\" rel=\"nofollow noopener\" target=\"_blank\"><br \/>\n\t\t\t\t\t\t\t\t\t\t<b>en vous connectant<\/b><br \/>\n\t\t\t\t\t\t\t\t\t<\/a>.<\/p>\n<p>\t\t\t\t\t\t\t\tVoir les<br \/>\n\t\t\t\t\t\t\t\t\t\t\t\t\t\t\t\tcommentaires<\/p>\n","protected":false},"excerpt":{"rendered":"On remet dans l\u2019ordre. Au coup de sifflet final du choc entre Monaco et Marseille, quelques sourcils se&hellip;\n","protected":false},"author":2,"featured_media":1158114,"comment_status":"","ping_status":"","sticky":false,"template":"","format":"standard","meta":{"footnotes":"","_share_on_mastodon":"0"},"categories":[9566],"tags":[1111,47,11,61,2430,69,65,64,1777,674,63,1011,27,2731,68,66,12,62,70,25,67],"class_list":["post-1158113","post","type-post","status-publish","format-standard","has-post-thumbnail","category-grenoble","tag-actu","tag-actualite","tag-actualites","tag-actus-football","tag-auvergne-rhone-alpes","tag-bundesliga","tag-championnats-europeens","tag-equipe-de-france","tag-eu","tag-europe","tag-football","tag-fr","tag-france","tag-grenoble","tag-ligua","tag-ligue-1","tag-news","tag-news-foot","tag-premier-league","tag-republique-francaise","tag-serie-a"],"share_on_mastodon":{"url":"https:\/\/pubeurope.com\/@fr\/117186822453169689","error":""},"_links":{"self":[{"href":"https:\/\/www.europesays.com\/fr\/wp-json\/wp\/v2\/posts\/1158113","targetHints":{"allow":["GET"]}}],"collection":[{"href":"https:\/\/www.europesays.com\/fr\/wp-json\/wp\/v2\/posts"}],"about":[{"href":"https:\/\/www.europesays.com\/fr\/wp-json\/wp\/v2\/types\/post"}],"author":[{"embeddable":true,"href":"https:\/\/www.europesays.com\/fr\/wp-json\/wp\/v2\/users\/2"}],"replies":[{"embeddable":true,"href":"https:\/\/www.europesays.com\/fr\/wp-json\/wp\/v2\/comments?post=1158113"}],"version-history":[{"count":0,"href":"https:\/\/www.europesays.com\/fr\/wp-json\/wp\/v2\/posts\/1158113\/revisions"}],"wp:featuredmedia":[{"embeddable":true,"href":"https:\/\/www.europesays.com\/fr\/wp-json\/wp\/v2\/media\/1158114"}],"wp:attachment":[{"href":"https:\/\/www.europesays.com\/fr\/wp-json\/wp\/v2\/media?parent=1158113"}],"wp:term":[{"taxonomy":"category","embeddable":true,"href":"https:\/\/www.europesays.com\/fr\/wp-json\/wp\/v2\/categories?post=1158113"},{"taxonomy":"post_tag","embeddable":true,"href":"https:\/\/www.europesays.com\/fr\/wp-json\/wp\/v2\/tags?post=1158113"}],"curies":[{"name":"wp","href":"https:\/\/api.w.org\/{rel}","templated":true}]}}