{"id":1158117,"date":"2026-08-30T22:32:35","date_gmt":"2026-08-30T22:32:35","guid":{"rendered":"https:\/\/www.europesays.com\/fr\/1158117\/"},"modified":"2026-08-30T22:32:35","modified_gmt":"2026-08-30T22:32:35","slug":"histoires-de-1976-il-y-a-50-ans-a-strasbourg-sauvetage-du-patrimoine-et-dernieres-fetes-estivales","status":"publish","type":"post","link":"https:\/\/www.europesays.com\/fr\/1158117\/","title":{"rendered":"Histoires de 1976. Il y a 50 ans \u00e0 Strasbourg : sauvetage du patrimoine et derni\u00e8res f\u00eates estivales"},"content":{"rendered":"<p>                            L\u2019impossible sauvetage du patrimoine alsacien<\/p>\n<p>L\u2019ancien relais postal de Brumath est en cours de d\u00e9molition. Ce vestige du XVIIIe si\u00e8cle, situ\u00e9 \u00e0 l\u2019entr\u00e9e de l\u2019agglom\u00e9ration, route de Strasbourg, doit dispara\u00eetre \u00e0 la demande de son nouvel acqu\u00e9reur, un promoteur immobilier strasbourgeois.<\/p>\n<p>Pour autant, 60 \u00e0 70\u00a0% du relais pourra \u00eatre d\u00e9mont\u00e9 puis remont\u00e9 ailleurs en Alsace. La fa\u00e7ade de l\u2019h\u00f4tellerie \u00c0 la Fleur ira \u00e0 Engwiller, la charpente de la grange \u00e0 Haguenau, les communs des domestiques seront remont\u00e9s \u00e0 Durningen, la remise des voitures postales ira \u00e0 Illhaeusern, tandis que les tuiles et les poutres des b\u00e2timents ras\u00e9s trouveront leur place dans d\u2019autres maisons en cours de restauration. Le portail vo\u00fbt\u00e9 de la cave a quant \u00e0 lui \u00e9t\u00e9 rachet\u00e9&#8230;<\/p>\n","protected":false},"excerpt":{"rendered":"L\u2019impossible sauvetage du patrimoine alsacien L\u2019ancien relais postal de Brumath est en cours de d\u00e9molition. Ce vestige du&hellip;\n","protected":false},"author":2,"featured_media":1158118,"comment_status":"","ping_status":"","sticky":false,"template":"","format":"standard","meta":{"footnotes":"","_share_on_mastodon":"0"},"categories":[2820],"tags":[1111,11,2389,2880,1777,674,107,1011,27,775,937,12,25,104,640,2879],"class_list":["post-1158117","post","type-post","status-publish","format-standard","has-post-thumbnail","category-strasbourg","tag-actu","tag-actualites","tag-alsace","tag-edition-strasbourg","tag-eu","tag-europe","tag-fil-info","tag-fr","tag-france","tag-grand-est","tag-histoire","tag-news","tag-republique-francaise","tag-societe","tag-strasbourg","tag-strasbourg-ville"],"share_on_mastodon":{"url":"https:\/\/pubeurope.com\/@fr\/117186838302838816","error":""},"_links":{"self":[{"href":"https:\/\/www.europesays.com\/fr\/wp-json\/wp\/v2\/posts\/1158117","targetHints":{"allow":["GET"]}}],"collection":[{"href":"https:\/\/www.europesays.com\/fr\/wp-json\/wp\/v2\/posts"}],"about":[{"href":"https:\/\/www.europesays.com\/fr\/wp-json\/wp\/v2\/types\/post"}],"author":[{"embeddable":true,"href":"https:\/\/www.europesays.com\/fr\/wp-json\/wp\/v2\/users\/2"}],"replies":[{"embeddable":true,"href":"https:\/\/www.europesays.com\/fr\/wp-json\/wp\/v2\/comments?post=1158117"}],"version-history":[{"count":0,"href":"https:\/\/www.europesays.com\/fr\/wp-json\/wp\/v2\/posts\/1158117\/revisions"}],"wp:featuredmedia":[{"embeddable":true,"href":"https:\/\/www.europesays.com\/fr\/wp-json\/wp\/v2\/media\/1158118"}],"wp:attachment":[{"href":"https:\/\/www.europesays.com\/fr\/wp-json\/wp\/v2\/media?parent=1158117"}],"wp:term":[{"taxonomy":"category","embeddable":true,"href":"https:\/\/www.europesays.com\/fr\/wp-json\/wp\/v2\/categories?post=1158117"},{"taxonomy":"post_tag","embeddable":true,"href":"https:\/\/www.europesays.com\/fr\/wp-json\/wp\/v2\/tags?post=1158117"}],"curies":[{"name":"wp","href":"https:\/\/api.w.org\/{rel}","templated":true}]}}