{"id":1158121,"date":"2026-08-30T22:35:17","date_gmt":"2026-08-30T22:35:17","guid":{"rendered":"https:\/\/www.europesays.com\/fr\/1158121\/"},"modified":"2026-08-30T22:35:17","modified_gmt":"2026-08-30T22:35:17","slug":"cet-ex-candidat-aux-legislatives-demande-la-creation-dune-plage-pour-nudistes-a-villeneuve-loubet","status":"publish","type":"post","link":"https:\/\/www.europesays.com\/fr\/1158121\/","title":{"rendered":"Cet ex-candidat aux l\u00e9gislatives demande la cr\u00e9ation d\u2019une plage pour nudistes \u00e0 Villeneuve-Loubet"},"content":{"rendered":"<p>Un ancien candidat aux l\u00e9gislatives dans la 6e circonscription des Alpes-Maritimes en 2022\u00a0a propos\u00e9 un am\u00e9nagement pour le moins inattendu du littoral de Villeneuve-Loubet. \u00ab\u00a0Pour une plage nudiste\u00a0\u00bb, lance, tr\u00e8s s\u00e9rieusement, Cyril Cousini\u00e9 sur ses r\u00e9seaux sociaux. \u00ab\u00a0Apr\u00e8s ma proposition de plages sans poubelles,<a href=\"https:\/\/www.nicematin.com\/environnement\/condamnes-par-le-nouveau-trace-du-littoral-les-restaurants-de-plage-ont-deux-mois-pour-tout-demolir-et-disparaitre-a-villeneuve-loubet-10689444\" rel=\"nofollow noopener\" target=\"_blank\"> je propose en plus de cr\u00e9er une plage sans maillots \u00e0 Villeneuve-Loubet<\/a>\u00a0\u00bb, pr\u00e9cise celui qui a failli se pr\u00e9senter aux derni\u00e8res \u00e9lections municipales face au maire Lionnel Luca, finalement seul en lice.<\/p>\n<p>Cyril Cousini\u00e9 explique son point de vue\u00a0: \u00ab\u00a0La probl\u00e9matique\u00a0: l\u2019\u00c9tat a d\u00e9cid\u00e9 de revoir le trait de c\u00f4te, condamnant le parking de la plage des Maurettes, pose-t-il. Je propose donc de ne pas attendre et de proc\u00e9der \u00e0 sa d\u00e9molition pour rendre l\u2019espace \u00e0 la nature, en l\u2019am\u00e9nageant en plage arbor\u00e9e, prot\u00e9g\u00e9e des regards, et nudiste\u00a0\u00bb.<\/p>\n<p class=\"fs-5 \">Une id\u00e9e d\u2019autant plus utile, selon lui, qu\u2019\u00e0 sa connaissance \u00ab\u00a0de Nice \u00e0 Antibes, les nudistes n\u2019ont aucun lieu \u00e0 eux\u00a0\u00bb. Une mesure qu\u2019il estime m\u00eame \u00e9colo\u00a0: \u00ab\u00a0De plus, en v\u00e9g\u00e9talisant la plage ainsi recr\u00e9\u00e9e, on retarderait l\u2019\u00e9rosion\u00a0\u00bb.<\/p>\n<p>    Un littoral grignot\u00e9 par la mer<\/p>\n<p class=\"fs-5 \">Le parking des Maurettes \u00e0 Villeneuve-Loubet, tout comme plusieurs restaurateurs, va bien faire les frais du recul du trait de c\u00f4te. Par un arr\u00eat\u00e9 pr\u00e9fectoral du 26\u00a0mars 2026, l\u2019\u00c9tat a act\u00e9 le nouveau trac\u00e9 du domaine public maritime sur les secteurs des Maurettes et de Vaugrenier. Cette d\u00e9cision administrative int\u00e8gre des propri\u00e9t\u00e9s priv\u00e9es, des commerces et, donc, la moiti\u00e9 du parking communal.<\/p>\n<p class=\"fs-5 \">La mer a, en effet, grignot\u00e9 30\u00a0m\u00e8tres de plage au cours des 40\u00a0derni\u00e8res ann\u00e9es, avance la pr\u00e9fecture des Alpes-Maritimes. La surface totale des plages conc\u00e9d\u00e9es \u00e0 Villeneuve-Loubet \u00ab\u00a0est pass\u00e9e de 36\u00a0300\u00a0m\u00b2 en 1982\u00a0\u00e0 seulement 20\u00a0600\u00a0m\u00b2 en d\u00e9cembre\u00a02023, soit une perte de 15\u00a0700\u00a0m\u00b2 \u00bb.<\/p>\n<p class=\"fs-5 \">Un nouveau trac\u00e9 du domaine public maritime qui fait enrager la municipalit\u00e9. Il y a quelques semaines, Lionnel Luca r\u00e9pondait qu\u2019il refusait de plier face \u00e0 ce qu\u2019il qualifie de \u00ab\u00a0diktat\u00a0\u00bb. Son conseil municipal a, m\u00eame, vot\u00e9 \u00e0 l\u2019unanimit\u00e9 contre ce red\u00e9coupage.<\/p>\n","protected":false},"excerpt":{"rendered":"Un ancien candidat aux l\u00e9gislatives dans la 6e circonscription des Alpes-Maritimes en 2022\u00a0a propos\u00e9 un am\u00e9nagement pour le&hellip;\n","protected":false},"author":2,"featured_media":1158122,"comment_status":"","ping_status":"","sticky":false,"template":"","format":"standard","meta":{"footnotes":"","_share_on_mastodon":"0"},"categories":[2819],"tags":[1111,11,1777,674,1011,27,12,2401,882,25],"class_list":["post-1158121","post","type-post","status-publish","format-standard","has-post-thumbnail","category-nice","tag-actu","tag-actualites","tag-eu","tag-europe","tag-fr","tag-france","tag-news","tag-nice","tag-provence-alpes-cote-dazur","tag-republique-francaise"],"share_on_mastodon":{"url":"https:\/\/pubeurope.com\/@fr\/117186850071521229","error":""},"_links":{"self":[{"href":"https:\/\/www.europesays.com\/fr\/wp-json\/wp\/v2\/posts\/1158121","targetHints":{"allow":["GET"]}}],"collection":[{"href":"https:\/\/www.europesays.com\/fr\/wp-json\/wp\/v2\/posts"}],"about":[{"href":"https:\/\/www.europesays.com\/fr\/wp-json\/wp\/v2\/types\/post"}],"author":[{"embeddable":true,"href":"https:\/\/www.europesays.com\/fr\/wp-json\/wp\/v2\/users\/2"}],"replies":[{"embeddable":true,"href":"https:\/\/www.europesays.com\/fr\/wp-json\/wp\/v2\/comments?post=1158121"}],"version-history":[{"count":0,"href":"https:\/\/www.europesays.com\/fr\/wp-json\/wp\/v2\/posts\/1158121\/revisions"}],"wp:featuredmedia":[{"embeddable":true,"href":"https:\/\/www.europesays.com\/fr\/wp-json\/wp\/v2\/media\/1158122"}],"wp:attachment":[{"href":"https:\/\/www.europesays.com\/fr\/wp-json\/wp\/v2\/media?parent=1158121"}],"wp:term":[{"taxonomy":"category","embeddable":true,"href":"https:\/\/www.europesays.com\/fr\/wp-json\/wp\/v2\/categories?post=1158121"},{"taxonomy":"post_tag","embeddable":true,"href":"https:\/\/www.europesays.com\/fr\/wp-json\/wp\/v2\/tags?post=1158121"}],"curies":[{"name":"wp","href":"https:\/\/api.w.org\/{rel}","templated":true}]}}