{"id":1158123,"date":"2026-08-30T22:37:10","date_gmt":"2026-08-30T22:37:10","guid":{"rendered":"https:\/\/www.europesays.com\/fr\/1158123\/"},"modified":"2026-08-30T22:37:10","modified_gmt":"2026-08-30T22:37:10","slug":"resume-video-paris-fc-3-0-nice","status":"publish","type":"post","link":"https:\/\/www.europesays.com\/fr\/1158123\/","title":{"rendered":"R\u00e9sum\u00e9 vid\u00e9o : Paris FC 3-0 Nice"},"content":{"rendered":"<p>            <a href=\"https:\/\/www.ogcnice.com\/fr\/video\/130713\/resume-video-nice-0-0-lorient.html\" class=\"article_card_lien\" tabindex=\"0\" rel=\"nofollow noopener\" target=\"_blank\">R\u00e9sum\u00e9 vid\u00e9o : Nice 0-0 Lorient<\/a><\/p>\n<p>                            <img decoding=\"async\" src=\"https:\/\/www.europesays.com\/fr\/wp-content\/uploads\/2026\/08\/Resume-16-9-Lorient1.jpg\" loading=\"lazy\"\/><\/p>\n<p>\n                R\u00e9sum\u00e9<br \/>\n                R\u00e9sum\u00e9 vid\u00e9o : Nice 0-0 Lorient<br \/>\n                359&prime;<\/p>\n<p>            <a href=\"https:\/\/www.ogcnice.com\/fr\/video\/130673\/resume-video-hull-city-nice-0-0.html\" class=\"article_card_lien\" tabindex=\"0\" rel=\"nofollow noopener\" target=\"_blank\">R\u00e9sum\u00e9 vid\u00e9o : Hull City &#8211; Nice (0-0)<\/a><\/p>\n<p>                            <img decoding=\"async\" src=\"https:\/\/www.europesays.com\/fr\/wp-content\/uploads\/2026\/08\/prep-hullenice.jpg\" loading=\"lazy\"\/><\/p>\n<p>\n                Pr\u00e9paration<br \/>\n                R\u00e9sum\u00e9 vid\u00e9o : Hull City &#8211; Nice (0-0)<br \/>\n                285&prime;<\/p>\n<p>            <a href=\"https:\/\/www.ogcnice.com\/fr\/video\/130649\/resume-video-cagliari-nice-0-0-4-2-tab.html\" class=\"article_card_lien\" tabindex=\"0\" rel=\"nofollow noopener\" target=\"_blank\">R\u00e9sum\u00e9 vid\u00e9o : Cagliari &#8211; Nice (0-0, 4-2 Tab)<\/a><\/p>\n<p>                            <img decoding=\"async\" src=\"https:\/\/www.europesays.com\/fr\/wp-content\/uploads\/2026\/08\/Resume169.jpg\" loading=\"lazy\"\/><\/p>\n<p>\n                Pr\u00e9paration<br \/>\n                R\u00e9sum\u00e9 vid\u00e9o : Cagliari &#8211; Nice (0-0, 4-2 Tab)<br \/>\n                285&prime;<\/p>\n<p>            <a href=\"https:\/\/www.ogcnice.com\/fr\/video\/130629\/resume-video-juventus-nice-2-0.html\" class=\"article_card_lien\" tabindex=\"0\" rel=\"nofollow noopener\" target=\"_blank\">R\u00e9sum\u00e9 vid\u00e9o : Juventus &#8211; Nice (2-0)<\/a><\/p>\n<p>                            <img decoding=\"async\" src=\"https:\/\/www.europesays.com\/fr\/wp-content\/uploads\/2026\/08\/juve-nive-res.jpg\" loading=\"lazy\"\/><\/p>\n<p>\n                Pr\u00e9paration<br \/>\n                R\u00e9sum\u00e9 vid\u00e9o : Juventus &#8211; Nice (2-0)<br \/>\n                263&prime;<\/p>\n<p>            <a href=\"https:\/\/www.ogcnice.com\/fr\/video\/130604\/resume-video-marseille-nice-0-3.html\" class=\"article_card_lien\" tabindex=\"0\" rel=\"nofollow noopener\" target=\"_blank\">R\u00e9sum\u00e9 vid\u00e9o : Marseille &#8211; Nice (0-3)<\/a><\/p>\n<p>                            <img decoding=\"async\" src=\"https:\/\/www.europesays.com\/fr\/wp-content\/uploads\/2026\/08\/1788129405_0_16-9-OM-NICE.jpg\" loading=\"lazy\"\/><\/p>\n<p>\n                Pr\u00e9paration<br \/>\n                R\u00e9sum\u00e9 vid\u00e9o : Marseille &#8211; Nice (0-3)<br \/>\n                158&prime;<\/p>\n<p>            <a href=\"https:\/\/www.ogcnice.com\/fr\/video\/130585\/le-resume-video-de-nice-nimes-4-0.html\" class=\"article_card_lien\" tabindex=\"0\" rel=\"nofollow noopener\" target=\"_blank\">Le r\u00e9sum\u00e9 vid\u00e9o de Nice &#8211; N\u00eemes (4-0)<\/a><\/p>\n<p>                            <img decoding=\"async\" src=\"https:\/\/www.europesays.com\/fr\/wp-content\/uploads\/2026\/07\/clauss-nimes-2.jpg\" loading=\"lazy\"\/><\/p>\n<p>\n                Amical<br \/>\n                Le r\u00e9sum\u00e9 vid\u00e9o de Nice &#8211; N\u00eemes (4-0)<br \/>\n                115&prime;<\/p>\n<p>            <a href=\"https:\/\/www.ogcnice.com\/fr\/video\/130454\/nice-4-1-st-etienne-le-resume-video-avec-nos-commentaires.html\" class=\"article_card_lien\" tabindex=\"0\" rel=\"nofollow noopener\" target=\"_blank\">Nice 4-1 St Etienne : Le r\u00e9sum\u00e9 vid\u00e9o avec nos commentaires<\/a><\/p>\n<p>                            <img decoding=\"async\" src=\"https:\/\/www.europesays.com\/fr\/wp-content\/uploads\/2026\/07\/wahi-el-asse.jpg\" loading=\"lazy\"\/><\/p>\n<p>\n                OGCNICE.TV<br \/>\n                Nice 4-1 St Etienne : Le r\u00e9sum\u00e9 vid\u00e9o avec nos commentaires<br \/>\n                706&prime;<\/p>\n<p>            <a href=\"https:\/\/www.ogcnice.com\/fr\/video\/130429\/saint-etienne-0-0-nice-le-resume-video.html\" class=\"article_card_lien\" tabindex=\"0\" rel=\"nofollow noopener\" target=\"_blank\">Saint-Etienne 0-0 Nice : Le r\u00e9sum\u00e9 vid\u00e9o<\/a><\/p>\n<p>                            <img decoding=\"async\" src=\"https:\/\/www.europesays.com\/fr\/wp-content\/uploads\/2026\/05\/Resume-16-9-ASSE.jpg\" loading=\"lazy\"\/><\/p>\n<p>\n                OGCNICE.TV<br \/>\n                Saint-Etienne 0-0 Nice : Le r\u00e9sum\u00e9 vid\u00e9o<br \/>\n                283&prime;<\/p>\n<p>            <a href=\"https:\/\/www.ogcnice.com\/fr\/video\/130413\/lens-nice-le-resume.html\" class=\"article_card_lien\" tabindex=\"0\" rel=\"nofollow noopener\" target=\"_blank\">Lens &#8211; Nice : Le r\u00e9sum\u00e9<\/a><\/p>\n<p>                            <img decoding=\"async\" src=\"https:\/\/www.europesays.com\/fr\/wp-content\/uploads\/2026\/08\/Resume-16-9-LENS-.jpg\" loading=\"lazy\"\/><\/p>\n<p>\n                Coupe de France<br \/>\n                Lens &#8211; Nice : Le r\u00e9sum\u00e9<br \/>\n                354&prime;<\/p>\n<p>            <a href=\"https:\/\/www.ogcnice.com\/fr\/video\/130382\/nice-0-0-metz-le-resume-video.html\" class=\"article_card_lien\" tabindex=\"0\" rel=\"nofollow noopener\" target=\"_blank\">Nice 0-0 Metz : Le r\u00e9sum\u00e9 vid\u00e9o<\/a><\/p>\n<p>                            <img decoding=\"async\" src=\"https:\/\/www.europesays.com\/fr\/wp-content\/uploads\/2026\/05\/Resume-16-9-Metz.jpg\" loading=\"lazy\"\/><\/p>\n<p>\n                OGCNICE.TV<br \/>\n                Nice 0-0 Metz : Le r\u00e9sum\u00e9 vid\u00e9o<br \/>\n                326&prime;<\/p>\n<p>            <a href=\"https:\/\/www.ogcnice.com\/fr\/video\/130350\/auxerre-2-1-nice-le-resume-video.html\" class=\"article_card_lien\" tabindex=\"0\" rel=\"nofollow noopener\" target=\"_blank\">Auxerre 2-1 Nice : Le r\u00e9sum\u00e9 vid\u00e9o<\/a><\/p>\n<p>                            <img decoding=\"async\" src=\"https:\/\/www.europesays.com\/fr\/wp-content\/uploads\/2026\/05\/Resume-16-9-Auxerre.jpg\" loading=\"lazy\"\/><\/p>\n<p>\n                OGCNICE.TV<br \/>\n                Auxerre 2-1 Nice : Le r\u00e9sum\u00e9 vid\u00e9o<br \/>\n                229&prime;<\/p>\n<p>            <a href=\"https:\/\/www.ogcnice.com\/fr\/video\/130320\/nice-1-1-lens-le-resume-video.html\" class=\"article_card_lien\" tabindex=\"0\" rel=\"nofollow noopener\" target=\"_blank\">Nice 1-1 Lens : Le r\u00e9sum\u00e9 vid\u00e9o<\/a><\/p>\n<p>                            <img decoding=\"async\" src=\"https:\/\/www.europesays.com\/fr\/wp-content\/uploads\/2026\/05\/Resume-16-9-Lens.jpg\" loading=\"lazy\"\/><\/p>\n<p>\n                OGCNICE.TV<br \/>\n                Nice 1-1 Lens : Le r\u00e9sum\u00e9 vid\u00e9o<br \/>\n                539&prime;<\/p>\n","protected":false},"excerpt":{"rendered":"R\u00e9sum\u00e9 vid\u00e9o : Nice 0-0 Lorient R\u00e9sum\u00e9 R\u00e9sum\u00e9 vid\u00e9o : Nice 0-0 Lorient 359&prime; R\u00e9sum\u00e9 vid\u00e9o : Hull&hellip;\n","protected":false},"author":2,"featured_media":1158124,"comment_status":"","ping_status":"","sticky":false,"template":"","format":"standard","meta":{"footnotes":"","_share_on_mastodon":"0"},"categories":[2819],"tags":[1111,11,1777,674,1011,27,12,2401,882,25],"class_list":["post-1158123","post","type-post","status-publish","format-standard","has-post-thumbnail","category-nice","tag-actu","tag-actualites","tag-eu","tag-europe","tag-fr","tag-france","tag-news","tag-nice","tag-provence-alpes-cote-dazur","tag-republique-francaise"],"share_on_mastodon":{"url":"https:\/\/pubeurope.com\/@fr\/117186860405954966","error":""},"_links":{"self":[{"href":"https:\/\/www.europesays.com\/fr\/wp-json\/wp\/v2\/posts\/1158123","targetHints":{"allow":["GET"]}}],"collection":[{"href":"https:\/\/www.europesays.com\/fr\/wp-json\/wp\/v2\/posts"}],"about":[{"href":"https:\/\/www.europesays.com\/fr\/wp-json\/wp\/v2\/types\/post"}],"author":[{"embeddable":true,"href":"https:\/\/www.europesays.com\/fr\/wp-json\/wp\/v2\/users\/2"}],"replies":[{"embeddable":true,"href":"https:\/\/www.europesays.com\/fr\/wp-json\/wp\/v2\/comments?post=1158123"}],"version-history":[{"count":0,"href":"https:\/\/www.europesays.com\/fr\/wp-json\/wp\/v2\/posts\/1158123\/revisions"}],"wp:featuredmedia":[{"embeddable":true,"href":"https:\/\/www.europesays.com\/fr\/wp-json\/wp\/v2\/media\/1158124"}],"wp:attachment":[{"href":"https:\/\/www.europesays.com\/fr\/wp-json\/wp\/v2\/media?parent=1158123"}],"wp:term":[{"taxonomy":"category","embeddable":true,"href":"https:\/\/www.europesays.com\/fr\/wp-json\/wp\/v2\/categories?post=1158123"},{"taxonomy":"post_tag","embeddable":true,"href":"https:\/\/www.europesays.com\/fr\/wp-json\/wp\/v2\/tags?post=1158123"}],"curies":[{"name":"wp","href":"https:\/\/api.w.org\/{rel}","templated":true}]}}