{"id":115816,"date":"2025-05-21T02:49:14","date_gmt":"2025-05-21T02:49:14","guid":{"rendered":"https:\/\/www.europesays.com\/fr\/115816\/"},"modified":"2025-05-21T02:49:14","modified_gmt":"2025-05-21T02:49:14","slug":"video-les-marins-pompiers-sauvent-un-chien-coince-sur-la-corniche-dun-batiment","status":"publish","type":"post","link":"https:\/\/www.europesays.com\/fr\/115816\/","title":{"rendered":"VID\u00c9O. les marins-pompiers sauvent un chien coinc\u00e9 sur la corniche d&rsquo;un b\u00e2timent"},"content":{"rendered":"<p>Lundi soir \u00e0 Marseille, peu avant 20, les <a href=\"https:\/\/www.laprovence.com\/article\/faits-divers-justice\/1819051275205815\/une-enseignante-du-lycee-saint-exupery-percutee-par-une-audi-rs6-apres-un-rodeo\" target=\"_blank\" rel=\"nofollow noopener\">marins-pompiers<\/a> sont intervenus apr\u00e8s avoir \u00e9t\u00e9 alert\u00e9s par une passante. Elle leur a signal\u00e9 un chien coinc\u00e9 au premier \u00e9tage, sur la corniche d&rsquo;un b\u00e2timent \u00e0 l&rsquo;angle de la rue Barbusse et de la rue Denis Avierinos, dans le 1er arrondissement.<\/p>\n<p>Les secouristes, dans un premier temps, ont tent\u00e9 d&rsquo;acc\u00e9der jusqu&rsquo;\u00e0 l&rsquo;animal \u00e0 l&rsquo;aide d&rsquo;une \u00e9chelle. Mais elle s&rsquo;est av\u00e9r\u00e9e \u00eatre trop courte. La d\u00e9cision a \u00e9t\u00e9 alors prise d&rsquo;aller sur le balcon d&rsquo;un \u00e9tage sup\u00e9rieur pour descendre en rappel et r\u00e9cup\u00e9rer l&rsquo;animal qui, pendant l&rsquo;intervention, n&rsquo;a pas aboy\u00e9.<\/p>\n<p>\u00ab\u00a0Pour nous, c&rsquo;est normal, ce n&rsquo;est rien d&rsquo;extraordinaire\u00a0\u00bb<\/p>\n<p>\u00ab\u00a0On ne partira pas tant qu&rsquo;il n&rsquo;est pas au sol\u00a0\u00bb, a expliqu\u00e9 l&rsquo;une des marins-pompiers \u00e0 une passante. Le marin-pompier s&rsquo;est alors \u00e9quip\u00e9 pour descendre en \u00e9tant guid\u00e9 par une coll\u00e8gue, depuis le sol. Il s&rsquo;est attach\u00e9 et a effectu\u00e9 la descente en rappel. Il ne lui a fallu que quelques secondes pour r\u00e9cup\u00e9rer le chien docile.<\/p>\n<p>Un passant, qui venait d&rsquo;acheter des croquettes, lui\u00a0 en a fait profiter. Les marins-pompiers n&rsquo;ont pas voulu s&rsquo;exprimer. Se contenant d&rsquo;un simple : \u00ab\u00a0Pour nous c&rsquo;est normal, ce n&rsquo;est rien d&rsquo;extraordinaire.\u00a0\u00bb Mission accomplie !<\/p>\n","protected":false},"excerpt":{"rendered":"Lundi soir \u00e0 Marseille, peu avant 20, les marins-pompiers sont intervenus apr\u00e8s avoir \u00e9t\u00e9 alert\u00e9s par une passante.&hellip;\n","protected":false},"author":2,"featured_media":115817,"comment_status":"","ping_status":"","sticky":false,"template":"","format":"standard","meta":{"footnotes":""},"categories":[2814],"tags":[17,1111,11,4850,23609,1777,674,1011,27,151,18640,884,12,882,16,25,20103,3356,133],"class_list":{"0":"post-115816","1":"post","2":"type-post","3":"status-publish","4":"format-standard","5":"has-post-thumbnail","7":"category-marseille","8":"tag-17","9":"tag-actu","10":"tag-actualites","11":"tag-chien","12":"tag-coince","13":"tag-eu","14":"tag-europe","15":"tag-fr","16":"tag-france","17":"tag-les","18":"tag-marins-pompiers","19":"tag-marseille","20":"tag-news","21":"tag-provence-alpes-cote-dazur","22":"tag-region","23":"tag-republique-francaise","24":"tag-sauvent","25":"tag-sur","26":"tag-video"},"share_on_mastodon":{"url":"https:\/\/pubeurope.com\/@fr\/114543549653653091","error":""},"_links":{"self":[{"href":"https:\/\/www.europesays.com\/fr\/wp-json\/wp\/v2\/posts\/115816","targetHints":{"allow":["GET"]}}],"collection":[{"href":"https:\/\/www.europesays.com\/fr\/wp-json\/wp\/v2\/posts"}],"about":[{"href":"https:\/\/www.europesays.com\/fr\/wp-json\/wp\/v2\/types\/post"}],"author":[{"embeddable":true,"href":"https:\/\/www.europesays.com\/fr\/wp-json\/wp\/v2\/users\/2"}],"replies":[{"embeddable":true,"href":"https:\/\/www.europesays.com\/fr\/wp-json\/wp\/v2\/comments?post=115816"}],"version-history":[{"count":0,"href":"https:\/\/www.europesays.com\/fr\/wp-json\/wp\/v2\/posts\/115816\/revisions"}],"wp:featuredmedia":[{"embeddable":true,"href":"https:\/\/www.europesays.com\/fr\/wp-json\/wp\/v2\/media\/115817"}],"wp:attachment":[{"href":"https:\/\/www.europesays.com\/fr\/wp-json\/wp\/v2\/media?parent=115816"}],"wp:term":[{"taxonomy":"category","embeddable":true,"href":"https:\/\/www.europesays.com\/fr\/wp-json\/wp\/v2\/categories?post=115816"},{"taxonomy":"post_tag","embeddable":true,"href":"https:\/\/www.europesays.com\/fr\/wp-json\/wp\/v2\/tags?post=115816"}],"curies":[{"name":"wp","href":"https:\/\/api.w.org\/{rel}","templated":true}]}}