{"id":1158161,"date":"2026-08-30T23:07:31","date_gmt":"2026-08-30T23:07:31","guid":{"rendered":"https:\/\/www.europesays.com\/fr\/1158161\/"},"modified":"2026-08-30T23:07:31","modified_gmt":"2026-08-30T23:07:31","slug":"sattaquer-aux-causes-profondes-de-leur-comportement-au-royaume-uni-des-delinquants-peuvent-eviter-la-prison-sils-acceptent-un-parcours-de-reinsertion","status":"publish","type":"post","link":"https:\/\/www.europesays.com\/fr\/1158161\/","title":{"rendered":"\u00abS\u2019attaquer aux causes profondes de leur comportement\u00bb\u00a0: au Royaume-Uni, des d\u00e9linquants peuvent \u00e9viter la prison s\u2019ils acceptent un parcours de r\u00e9insertion"},"content":{"rendered":"<p>\n    Ce dispositif permettrait d\u2019\u00ab\u00e9loigner les d\u00e9linquants et les auteurs d\u2019infractions mineures du syst\u00e8me p\u00e9nal\u00bb, en les aidant \u00e0 s\u2019attaquer aux \u00abcauses profondes de leur comportement d\u00e9lictueux\u00bb.<\/p>\n<p class=\"fig-paragraph\">\u00c0 Middlesbrough, ville qui affiche le taux de criminalit\u00e9 le plus \u00e9lev\u00e9 en\u00a0Royaume-Uni (hormis\u00a0<a href=\"http:\/\/www.lefigaro.fr\/international\/aucune-option-n-est-exclue-washington-menace-londres-de-ne-plus-soutenir-sa-souverainete-aux-malouines-les-depenses-de-defense-en-question-20260829\" data-fig-type=\"NewsFlash\" data-gtm-custom-categorie=\"navigation\" data-gtm-custom-action=\"crossclick\" data-gtm-custom-label=\"Contextuel\" data-gtm-event=\"customEventSPE\" data-fig-domain=\"LEFIGARO\" rel=\"nofollow noopener\" target=\"_blank\">Londres<\/a>), les d\u00e9linquants peuvent \u00e9chapper \u00e0 la prison. C\u2019est en tout cas ce que souligne samedi 29 ao\u00fbt le\u00a0<a href=\"https:\/\/www.telegraph.co.uk\/news\/2026\/08\/29\/middlesbrough-knife-gangs-swap-jail-time-mental-health-help\/?ICID=continue_without_subscribing_reg_first\" target=\"_blank\" rel=\"nofollow noopener\" data-gtm-custom-categorie=\"navigation\" data-gtm-custom-action=\"crossclick\" data-gtm-custom-label=\"Contextuel\" data-gtm-event=\"customEventSPE\">Telegraph<\/a> \u00a0dans ses colonnes. Le principe est simple\u00a0: ceux qui se font interpeller par la police locale, dite de \u00abCleveland\u00bb, et qui reconnaissent imm\u00e9diatement \u00eatre en possession d\u2019une arme blanche ou de stup\u00e9fiants, pourront \u00e9viter les poursuites judiciaires, \u00e0 condition d\u2019accepter de se retrouver face \u00e0 un psychologue.<\/p>\n<p class=\"fig-paragraph\">Ce dispositif, nomm\u00e9 \u00abDivert\u00bb, permettrait d\u2019\u00ab\u00e9loigner les d\u00e9linquants et les auteurs d\u2019infractions mineures du syst\u00e8me p\u00e9nal\u00bb, en les aidant \u00e0 s\u2019attaquer aux \u00abcauses profondes de leur comportement d\u00e9lictueux\u00bb. Ce programme \u00abpropose diff\u00e9rentes mesures d\u2019accompagnement, regroup\u00e9es sous le terme de \u201cparcours\u201d. Celles-ci peuvent notamment porter sur la sant\u00e9 mentale, les addictions, l\u2019\u00e9ducation ou encore les difficult\u00e9s li\u00e9es au logement\u00bb, rapporte le Telegraph, qui s\u2019appuie sur des documents d\u00e9taillant les objectifs de \u00abDivert\u00bb.<\/p>\n<p>                                            <a class=\"fig-a11y-skip\" href=\"#fig-a11y-skip-main-inarticle\" is=\"fig-a11y-skip\" data-trigger-mode=\"visible-once\"><br \/>\n    Passer la publicit\u00e9<br \/>\n<\/a>            <\/p>\n<p>                                            La ville est confront\u00e9e \u00e0 une vague de violences li\u00e9es aux gangs<\/p>\n<p class=\"fig-paragraph\">Mais donc, avant toute chose, les participants doivent d\u2019abord reconna\u00eetre les faits qui leur sont reproch\u00e9s, exprimer des remords et signer une attestation o\u00f9 ils s\u2019engagent solennellement \u00e0 ne plus r\u00e9cidiver. Les encadrants de ce programme peuvent aussi sugg\u00e9rer aux d\u00e9linquants de participer \u00e0 des s\u00e9ances de justice r\u00e9parative. Selon des documents consult\u00e9s par le Telegraph, le programme \u00abDivert\u00bb, lanc\u00e9 en 2018, a d\u00e9j\u00e0 accompagn\u00e9 1853 personnes.<\/p>\n<p class=\"fig-paragraph\">Ce programme a \u00e9t\u00e9 mis en place \u00e0 Middlesbrough alors que la ville est confront\u00e9e, depuis la mort de deux policiers tu\u00e9s dans une collision avec des voleurs de voitures le 22 ao\u00fbt dernier, \u00e0 une vague de violences li\u00e9es aux gangs. Le porte-parole des Conservateurs pour les Affaires int\u00e9rieures, Chris Philp a d\u00e9nonc\u00e9 en ce sens une \u00abjustice laxiste\u00bb, d\u00e9clarant que \u00ables d\u00e9linquants devraient \u00eatre poursuivis et incarc\u00e9r\u00e9s, et non se contenter d\u2019une conversation amicale avec un conseiller\u00bb.<\/p>\n<p class=\"fig-paragraph\">Andy Preston, l\u2019ancien maire de la ville\u00a0, a lui aussi d\u00e9clar\u00e9 que les criminels \u00e9taient consid\u00e9r\u00e9s comme \u00abintouchables\u00bb et que les troubles de cette semaine \u00e9taient le r\u00e9sultat d\u2019\u00abann\u00e9es de laxisme\u00bb envers les d\u00e9linquants. \u00c0 en croire Matt Storey, le commissaire travailliste charg\u00e9 de la police et de la criminalit\u00e9, ce dispositif aurait, au contraire, permis de faire baisser le taux de r\u00e9cidive\u00a0: selon les propos rapport\u00e9s par le Telegraph, seuls 4,7% des participants \u00e0 \u00abDivert\u00bb r\u00e9cidivent, contre 32,9% pour l\u2019ensemble des d\u00e9linquants relevant de la police locale et n\u2019ayant pas suivi ce programme.<\/p>\n","protected":false},"excerpt":{"rendered":"Ce dispositif permettrait d\u2019\u00ab\u00e9loigner les d\u00e9linquants et les auteurs d\u2019infractions mineures du syst\u00e8me p\u00e9nal\u00bb, en les aidant \u00e0&hellip;\n","protected":false},"author":2,"featured_media":1158162,"comment_status":"","ping_status":"","sticky":false,"template":"","format":"standard","meta":{"footnotes":"","_share_on_mastodon":"0"},"categories":[1588],"tags":[11,1777,674,12,806,25132,473,1853,1851,1850,1852],"class_list":["post-1158161","post","type-post","status-publish","format-standard","has-post-thumbnail","category-royaume-uni","tag-actualites","tag-eu","tag-europe","tag-news","tag-prison","tag-reinsertion","tag-royaume-uni","tag-royaume-uni-de-grande-bretagne-et-dirlande-du-nord","tag-uk","tag-united-kingdom","tag-united-kingdom-of-great-britain-and-northern-ireland"],"share_on_mastodon":{"url":"https:\/\/pubeurope.com\/@fr\/117186976037335824","error":""},"_links":{"self":[{"href":"https:\/\/www.europesays.com\/fr\/wp-json\/wp\/v2\/posts\/1158161","targetHints":{"allow":["GET"]}}],"collection":[{"href":"https:\/\/www.europesays.com\/fr\/wp-json\/wp\/v2\/posts"}],"about":[{"href":"https:\/\/www.europesays.com\/fr\/wp-json\/wp\/v2\/types\/post"}],"author":[{"embeddable":true,"href":"https:\/\/www.europesays.com\/fr\/wp-json\/wp\/v2\/users\/2"}],"replies":[{"embeddable":true,"href":"https:\/\/www.europesays.com\/fr\/wp-json\/wp\/v2\/comments?post=1158161"}],"version-history":[{"count":0,"href":"https:\/\/www.europesays.com\/fr\/wp-json\/wp\/v2\/posts\/1158161\/revisions"}],"wp:featuredmedia":[{"embeddable":true,"href":"https:\/\/www.europesays.com\/fr\/wp-json\/wp\/v2\/media\/1158162"}],"wp:attachment":[{"href":"https:\/\/www.europesays.com\/fr\/wp-json\/wp\/v2\/media?parent=1158161"}],"wp:term":[{"taxonomy":"category","embeddable":true,"href":"https:\/\/www.europesays.com\/fr\/wp-json\/wp\/v2\/categories?post=1158161"},{"taxonomy":"post_tag","embeddable":true,"href":"https:\/\/www.europesays.com\/fr\/wp-json\/wp\/v2\/tags?post=1158161"}],"curies":[{"name":"wp","href":"https:\/\/api.w.org\/{rel}","templated":true}]}}