{"id":1158180,"date":"2026-08-30T23:22:26","date_gmt":"2026-08-30T23:22:26","guid":{"rendered":"https:\/\/www.europesays.com\/fr\/1158180\/"},"modified":"2026-08-30T23:22:26","modified_gmt":"2026-08-30T23:22:26","slug":"coupe-de-france-n3-individuel-4-classement-actualite","status":"publish","type":"post","link":"https:\/\/www.europesays.com\/fr\/1158180\/","title":{"rendered":"Coupe de France N3 &#8211; Individuel #4 : Classement &#8211; Actualit\u00e9"},"content":{"rendered":"<p>            <a href=\"https:\/\/www.tourmaletpicdumidi.com\/\" onclick=\"trackOutboundLink(&#039;https:\/\/www.tourmaletpicdumidi.com\/&#039;); return false;\" rel=\"nofollow noopener\" target=\"_blank\"><br \/>\n            <img decoding=\"async\" src=\"https:\/\/www.europesays.com\/fr\/wp-content\/uploads\/2026\/08\/saison-amateur-tourmalet.png\" alt=\"La saison Amateurs avec TOURMALET PIC DU MIDI\" width=\"100%\"\/><br \/>\n        <\/a><\/p>\n<p>                                                                    <img decoding=\"async\" src=\"https:\/\/www.europesays.com\/fr\/wp-content\/uploads\/2026\/08\/6a9460e695f2a.jpg\" height=\"auto\" loading=\"lazy\"\/><br \/>\n                                                                    Cr\u00e9dit photo Nicolas Gachet \/ DirectVelo<\/p>\n<p class=\"images-caption\">Cr\u00e9dit photo Nicolas Gachet \/ DirectVelo<\/p>\n<p class=\"metadata\">\n            Par<br \/>\n        <strong class=\"text-black\">    <a href=\"https:\/\/www.directvelo.com\/auteur\/2\/nicolas-gachet\" class=\"hover-underline\" rel=\"author nofollow noopener\" target=\"_blank\">NICOLAS GACHET<\/a><br \/>\n<\/strong><br \/>\n                    <br \/>Le<br \/>\n    30 ao\u00fbt 2026, 18:29<\/p>\n<p>Thibaut Cl\u00e9ment (Team 74-Haute-Savoie), laur\u00e9at du Tour de l&rsquo;Ard\u00e8che M\u00e9ridionale et du Tour du P\u00e9rigord, remporte la Coupe de France N3 individuel 2026. Il devance Maxime Buffaz (Team Buffaz Gestion de Patrimoine) et son co\u00e9quipier Baptiste Troja.<\/p>\n<p>Thibaut Cl\u00e9ment succ\u00e8de \u00e0 Maxime Rouxel (Morlaix Cyclisme Performance) au palmar\u00e8s.<\/p>\n<p><strong>Classement individuel final :<\/strong><br \/>1. CLEMENT Thibaut T74 N3 120 pts<br \/>2. BUFFAZ Maxime BUF N3 60<br \/>3. TROJA Baptiste T74 N3 53<br \/>4. MORELL Noah Borgen CCV N3 51<br \/>5. WILLIAMS Tom CCV N3 50<br \/>6. MAHIEU Gr\u00e9goire ANT N3 50<br \/>7. SEIGNEURET Thomas OCF N3 50<br \/>8. DER PARSEGHIAN Lubin GMC N3 48<br \/>9. BUCHETET Benjamin ANT N3 44<br \/>10. VANDERMEERSCH Emilien TAM N3 41<br \/>11. PEYENCET Gabriel TCS N3 40<br \/>12. LE BOETEZ Clement CCP N3 40<br \/>13. COSTE Florian BUF N3 40<br \/>14. MORGAN Edward CCV N3 39<br \/>15. GARDNER Thomas NMM N3 38<br \/>16. GALLERNE Augustin UCP N3 35<br \/>17. BRUN Nils HAG N3 35<br \/>18. BRIGHT Benjamin NMM N3 34<br \/>19. MAITRE Florian 2SC N3 32<br \/>20. CARESMEL Alexis VCA N3 30<br \/>21. PECQUENARD Jules IST N3 26<br \/>22. SABATIER Theo ANT N3 26<br \/>23. TANGUY Quentin VCA N3 24<br \/>24. CHAMPION Alexis T79 N3 22<br \/>25. BOUTEILLER Julien LUC N3 22<br \/>26. CADAT Yolan MAR N3 22<br \/>27. MOULIN Alan MCP N3 21<br \/>28. MULLER Paul UCP N3 20<br \/>29. BEAUCHER Arthur VCA N3 20<br \/>30. VILA Emiliano NMM N3 19<br \/>31. DRUNEAU Maxandre GMC N3 19<br \/>32. BOISSIERE Antonin TCS N3 19<br \/>33. RUSSO Mathias LUC N3 18<br \/>34. DUFORT Corentin LVS N3 18<br \/>35. PICARD L\u00e9on BUF N3 17<br \/>36. MAUPASSANT Thomas NMM N3 17<br \/>37. PLUSQUELLEC Quentin TCG N3 17<br \/>38. MATTERN Carson GCD CLUB 17<br \/>39. PIBOLLEAU Ma\u00ebl BUF N3 16<br \/>40. MONTMILLON Yannis HAG N3 16<br \/>41. RICHARD Gabriel \u00a0 15<br \/>42. CORLAY LE BARON Mathis TCG N3 15<br \/>43. MASSET Kerrian CCC CLUB 15<br \/>44. COGEN Lucas MCP N3 14<br \/>45. HOLZER Roman HAG N3 14<br \/>46. THIBAULT Jean Denis CCP N3 13<br \/>47. DRICOT Nicolas GMC N3 13<br \/>48. DEROUAULT Baptiste T74 N3 12<br \/>49. POCZERNIN Mathias ETC N3 12<br \/>50. FERDINAND Antoine 2SC N3 11<br \/>51. BLETEAU Noah TAM N3 10<br \/>52. BERTOLOTTI Malo GMC N3 10<br \/>53. TREPIZUR Thomas IST N3 9<br \/>54. REBOUL OLLIEROU Mathis MCP N3 9<br \/>55. LEOTHAUD Matthias \u00a0 8<br \/>56. ROUX Damien LVS N3 8<br \/>57. TALOBRE Jordan TAM N3 8<br \/>58. DUBY Matthieu \u00a0 7<br \/>59. POUVREAULT Gregory T79 N3 7<br \/>60. RUSSENBERGER Wanja HAG N3 6<br \/>61. SEQUEIRA Milan LUC N3 6<br \/>62. QUEAU Mael MAR N3 6<br \/>63. GALLERNE Jules UCP N3 5<br \/>64. BENOIST Aur\u00e9lien LUC N3 5<br \/>65. GRAND Antoine T74 N3 5<br \/>66. QUERE Elian MCP N3 4<br \/>67. BURGER Antoine UCP N3 4<br \/>68. MASSET Allan VCA N3 3<br \/>69. GEORGES Antoine VCA N3 2<br \/>70. DELONGLEE Noah VCA N3 1<br \/>71. LAFAGE Mathys ISS N3 1<br \/>Remerciements \u00e0 M\u00e9lanie Combes &#8211;\u00a0<a href=\"https:\/\/www.stsport.fr\" rel=\"nofollow noopener\" target=\"_blank\">www.stsport.fr<\/a><\/p>\n<p>            En savoir plus : coureurs et \u00e9quipes associ\u00e9s<\/p>\n<p>                Coureurs<\/p>\n<p>                    <img decoding=\"async\" src=\"https:\/\/www.europesays.com\/fr\/wp-content\/uploads\/2026\/08\/6980bd1768fee.jpg\" height=\"auto\" loading=\"lazy\"\/><\/p>\n<p>                            Portrait de Thibaut CL\u00c9MENT<\/p>\n<p>                \u00c9quipes<\/p>\n","protected":false},"excerpt":{"rendered":"Cr\u00e9dit photo Nicolas Gachet \/ DirectVelo Cr\u00e9dit photo Nicolas Gachet \/ DirectVelo Par NICOLAS GACHET Le 30 ao\u00fbt&hellip;\n","protected":false},"author":2,"featured_media":1158181,"comment_status":"","ping_status":"","sticky":false,"template":"","format":"standard","meta":{"footnotes":"","_share_on_mastodon":"0"},"categories":[1411],"tags":[834,828,836,829,837,827,83,826,824,823,1154,207,814,817,815,816,822,821,832,211,839,1011,27,820,818,819,835,831,830,833,838,60,212,208,825],"class_list":["post-1158180","post","type-post","status-publish","format-standard","has-post-thumbnail","category-cyclisme","tag-attaque","tag-belgique","tag-braquet","tag-bretagne","tag-chute","tag-competition","tag-coupe-de-france","tag-coureur","tag-course-cyclisme","tag-course-cycliste","tag-cycling","tag-cyclisme","tag-direct","tag-direct-velo","tag-directvelo","tag-directvelo-com","tag-epreuve","tag-epreuve-cycliste","tag-federation-francaise-de-cyclisme","tag-ffc","tag-flandres","tag-fr","tag-france","tag-live","tag-live-course","tag-live-epreuve","tag-peloton","tag-radio-peloton","tag-radio-tour","tag-ravitaillement","tag-relance","tag-sports","tag-uci","tag-velo","tag-velos"],"share_on_mastodon":{"url":"https:\/\/pubeurope.com\/@fr\/117187037239775145","error":""},"_links":{"self":[{"href":"https:\/\/www.europesays.com\/fr\/wp-json\/wp\/v2\/posts\/1158180","targetHints":{"allow":["GET"]}}],"collection":[{"href":"https:\/\/www.europesays.com\/fr\/wp-json\/wp\/v2\/posts"}],"about":[{"href":"https:\/\/www.europesays.com\/fr\/wp-json\/wp\/v2\/types\/post"}],"author":[{"embeddable":true,"href":"https:\/\/www.europesays.com\/fr\/wp-json\/wp\/v2\/users\/2"}],"replies":[{"embeddable":true,"href":"https:\/\/www.europesays.com\/fr\/wp-json\/wp\/v2\/comments?post=1158180"}],"version-history":[{"count":0,"href":"https:\/\/www.europesays.com\/fr\/wp-json\/wp\/v2\/posts\/1158180\/revisions"}],"wp:featuredmedia":[{"embeddable":true,"href":"https:\/\/www.europesays.com\/fr\/wp-json\/wp\/v2\/media\/1158181"}],"wp:attachment":[{"href":"https:\/\/www.europesays.com\/fr\/wp-json\/wp\/v2\/media?parent=1158180"}],"wp:term":[{"taxonomy":"category","embeddable":true,"href":"https:\/\/www.europesays.com\/fr\/wp-json\/wp\/v2\/categories?post=1158180"},{"taxonomy":"post_tag","embeddable":true,"href":"https:\/\/www.europesays.com\/fr\/wp-json\/wp\/v2\/tags?post=1158180"}],"curies":[{"name":"wp","href":"https:\/\/api.w.org\/{rel}","templated":true}]}}