{"id":115819,"date":"2025-05-21T02:51:12","date_gmt":"2025-05-21T02:51:12","guid":{"rendered":"https:\/\/www.europesays.com\/fr\/115819\/"},"modified":"2025-05-21T02:51:12","modified_gmt":"2025-05-21T02:51:12","slug":"le-proces-renvoye-le-ministre-de-la-sante-soutient-la-victime","status":"publish","type":"post","link":"https:\/\/www.europesays.com\/fr\/115819\/","title":{"rendered":"le proc\u00e8s renvoy\u00e9, le ministre de la Sant\u00e9 soutient la victime"},"content":{"rendered":"<p itemprop=\"description\"><strong>Suite \u00e0 la violente agression dont a \u00e9t\u00e9 victime une infirmi\u00e8re \u00e0 V\u00e9nissieux samedi matin, le suspect devait \u00eatre jug\u00e9 ce lundi apr\u00e8s-midi.<\/strong><\/p>\n<p>Mais face aux juges du tribunal correctionnel de Lyon, le guetteur a eu un comportement erratique. Il a d&rsquo;abord propos\u00e9 de \u00ab\u00a0balancer\u00a0\u00bb tous les dealers du quartier pour prouver sa bonne foi. Avant de r\u00e9clamer un d\u00e9lai pour pr\u00e9parer sa d\u00e9fense, contre l&rsquo;avis de son avocat.<\/p>\n<p>Demande accept\u00e9e par le tribunal qui programmera une nouvelle audience dans deux mois.<\/p>\n<p>D&rsquo;ici l\u00e0, l&rsquo;individu a \u00e9t\u00e9 incarc\u00e9r\u00e9, notamment parce qu&rsquo;un pr\u00e9c\u00e9dent sursis a \u00e9t\u00e9 r\u00e9voqu\u00e9.<\/p>\n<p>Pour rappel, <a href=\"https:\/\/www.lyonmag.com\/article\/144082\/venissieux-une-infirmiere-violemment-agressee-par-un-dealer-multirecidiviste\" target=\"_blank\" rel=\"noopener\">LyonMag avait r\u00e9v\u00e9l\u00e9 l&rsquo;agression de cette infirmi\u00e8re<\/a> au pied de la tour 8 de l&rsquo;avenue Vladimir Komarov. Prise en chasse par ce guetteur multir\u00e9cidiviste qui voulait la faire d\u00e9guerpir de son territoire, elle avait tent\u00e9 de se d\u00e9fendre sur le parking, aid\u00e9e par le fils de la patiente qu&rsquo;elle \u00e9tait venue visiter.<\/p>\n<p>Si elle avait obtenu quelques jours d&rsquo;ITT, elle est ensuite retourn\u00e9e voir un professionnel qui lui a d\u00e9cel\u00e9 des entorses.<\/p>\n<p>Le ministre de la Sant\u00e9 Yannick Neuder lui a apport\u00e9 son soutien. Lors d&rsquo;une interview \u00e0 Radio J, il a appel\u00e9 \u00e0 la \u00ab\u00a0tol\u00e9rance z\u00e9ro\u00a0\u00bb \u00e0 l&rsquo;encontre de ceux qui agressent le personnel soignant : \u00ab\u00a0Ils prennent soin de nous : nous devons les prot\u00e9ger. Mon objectif est clair : marquer un tournant d\u00e9cisif dans la lutte contre ces violences.\u00a0\u00bb<\/p>\n<p>Contrairement \u00e0 la maire PCF de V\u00e9nissieux Mich\u00e8le Picard, le d\u00e9put\u00e9 LFI <a href=\"https:\/\/www.lyonmag.com\/profil-personnalite-lyonnaise\/705\/idir-boumertit\" target=\"_blank\" rel=\"noopener\">Idir Boumertit<\/a> a r\u00e9agi \u00e0 cette agression, condamnant les faits : \u00ab\u00a0Ce n&rsquo;est pas normal de vivre une telle sc\u00e8ne et de ne plus pouvoir circuler en s\u00e9curit\u00e9 dans les all\u00e9es de certains immeubles. Les habitants doivent se sentir et surtout \u00eatre en s\u00e9curit\u00e9.\u00a0 Les pouvoirs publics doivent en \u00eatre les garants et r\u00e9agir face aux d\u00e9rives\u00a0\u00bb.<\/p>\n","protected":false},"excerpt":{"rendered":"Suite \u00e0 la violente agression dont a \u00e9t\u00e9 victime une infirmi\u00e8re \u00e0 V\u00e9nissieux samedi matin, le suspect devait&hellip;\n","protected":false},"author":2,"featured_media":115820,"comment_status":"","ping_status":"","sticky":false,"template":"","format":"standard","meta":{"footnotes":""},"categories":[1889],"tags":[1111,11,2813,2190,2430,1109,251,1112,2811,1777,674,118,1011,27,1922,1110,1114,2428,2810,12,241,316,25,2812,517,800],"class_list":{"0":"post-115819","1":"post","2":"type-post","3":"status-publish","4":"format-standard","5":"has-post-thumbnail","7":"category-lyon","8":"tag-actu","9":"tag-actualites","10":"tag-article","11":"tag-asvel","12":"tag-auvergne-rhone-alpes","13":"tag-breves","14":"tag-culture","15":"tag-depeches","16":"tag-economique","17":"tag-eu","18":"tag-europe","19":"tag-faits-divers","20":"tag-fr","21":"tag-france","22":"tag-info","23":"tag-informations","24":"tag-infos","25":"tag-lyon","26":"tag-lyonmag","27":"tag-news","28":"tag-ol","29":"tag-politique","30":"tag-republique-francaise","31":"tag-sociale","32":"tag-sport","33":"tag-transports"},"share_on_mastodon":{"url":"https:\/\/pubeurope.com\/@fr\/114543557601010277","error":""},"_links":{"self":[{"href":"https:\/\/www.europesays.com\/fr\/wp-json\/wp\/v2\/posts\/115819","targetHints":{"allow":["GET"]}}],"collection":[{"href":"https:\/\/www.europesays.com\/fr\/wp-json\/wp\/v2\/posts"}],"about":[{"href":"https:\/\/www.europesays.com\/fr\/wp-json\/wp\/v2\/types\/post"}],"author":[{"embeddable":true,"href":"https:\/\/www.europesays.com\/fr\/wp-json\/wp\/v2\/users\/2"}],"replies":[{"embeddable":true,"href":"https:\/\/www.europesays.com\/fr\/wp-json\/wp\/v2\/comments?post=115819"}],"version-history":[{"count":0,"href":"https:\/\/www.europesays.com\/fr\/wp-json\/wp\/v2\/posts\/115819\/revisions"}],"wp:featuredmedia":[{"embeddable":true,"href":"https:\/\/www.europesays.com\/fr\/wp-json\/wp\/v2\/media\/115820"}],"wp:attachment":[{"href":"https:\/\/www.europesays.com\/fr\/wp-json\/wp\/v2\/media?parent=115819"}],"wp:term":[{"taxonomy":"category","embeddable":true,"href":"https:\/\/www.europesays.com\/fr\/wp-json\/wp\/v2\/categories?post=115819"},{"taxonomy":"post_tag","embeddable":true,"href":"https:\/\/www.europesays.com\/fr\/wp-json\/wp\/v2\/tags?post=115819"}],"curies":[{"name":"wp","href":"https:\/\/api.w.org\/{rel}","templated":true}]}}