{"id":1158194,"date":"2026-08-30T23:30:13","date_gmt":"2026-08-30T23:30:13","guid":{"rendered":"https:\/\/www.europesays.com\/fr\/1158194\/"},"modified":"2026-08-30T23:30:13","modified_gmt":"2026-08-30T23:30:13","slug":"vos-sourcils-seclaircissent-par-lexterieur-cest-le-signe-que-les-endocrinologues-cherchent-en-premier","status":"publish","type":"post","link":"https:\/\/www.europesays.com\/fr\/1158194\/","title":{"rendered":"Vos sourcils s&rsquo;\u00e9claircissent par l&rsquo;ext\u00e9rieur ? C&rsquo;est le signe que les endocrinologues cherchent en premier"},"content":{"rendered":"<p class=\"gpsb-badge__text\">Vous aimez notre contenu ?<\/p>\n<p><a class=\"gpsb-badge__link no-adv\" data-ad-skip=\"true\" href=\"https:\/\/google.com\/preferences\/source?q=sciencepost.fr\" target=\"_blank\" rel=\"noopener sponsored nofollow\" aria-label=\"Ajoutez-nous \u00e0 vos favoris Google\">Ajoutez-nous \u00e0 vos<br \/>favoris Google<\/a> <\/p>\n<p class=\"wp-block-paragraph\">Et si un simple regard dans le miroir, \u00e0 la rentr\u00e9e, en r\u00e9v\u00e9lait bien plus qu\u2019une mauvaise nuit de sommeil ? Beaucoup de femmes et d\u2019hommes remarquent, en se maquillant ou en se rasant le matin, que le tiers externe de leurs sourcils semble de plus en plus clairsem\u00e9. Le r\u00e9flexe est souvent de bl\u00e2mer une pince \u00e0 \u00e9piler trop z\u00e9l\u00e9e, l\u2019\u00e2ge qui avance, ou simplement la fatigue de fin d\u2019\u00e9t\u00e9. Pourtant, ce d\u00e9tail esth\u00e9tique, presque anodin en apparence, figure parmi les tout premiers indices que recherchent les endocrinologues lorsqu\u2019ils soup\u00e7onnent un d\u00e9r\u00e8glement thyro\u00efdien. Un signe discret, silencieux, mais qui m\u00e9rite qu\u2019on s\u2019y attarde.<\/p>\n<p>    Ce d\u00e9tail capillaire qui alerte les sp\u00e9cialistes avant tout le reste    <\/p>\n<p class=\"wp-block-paragraph\">Avant m\u00eame la fatigue chronique, la prise de poids inexpliqu\u00e9e ou la sensation de froid permanente, c\u2019est parfois <strong>l\u2019amincissement des sourcils<\/strong> qui met la puce \u00e0 l\u2019oreille des m\u00e9decins. Ce ph\u00e9nom\u00e8ne porte m\u00eame un nom dans le jargon m\u00e9dical : le signe de la reine Anne, en r\u00e9f\u00e9rence \u00e0 une figure historique dont le portrait montrait cette particularit\u00e9. Concr\u00e8tement, il ne s\u2019agit pas d\u2019une perte g\u00e9n\u00e9ralis\u00e9e du poil, mais d\u2019un \u00e9claircissement tr\u00e8s localis\u00e9, touchant exclusivement le tiers externe du sourcil, celui qui se trouve du c\u00f4t\u00e9 de la tempe. Ce d\u00e9tail, souvent n\u00e9glig\u00e9 par les personnes concern\u00e9es elles-m\u00eames, attire pourtant l\u2019attention des professionnels de sant\u00e9 d\u00e8s la premi\u00e8re consultation, car il pr\u00e9c\u00e8de fr\u00e9quemment l\u2019apparition d\u2019autres sympt\u00f4mes plus classiques.<\/p>\n<p>    Pourquoi la thyro\u00efde s\u2019attaque pr\u00e9cis\u00e9ment \u00e0 cette zone du sourcil    <\/p>\n<p class=\"wp-block-paragraph\">Cette localisation si pr\u00e9cise n\u2019a rien d\u2019un hasard. La <strong>glande thyro\u00efde<\/strong>, en cas de dysfonctionnement, perturbe le cycle naturel de croissance des poils sur l\u2019ensemble du corps. Or, les follicules pileux situ\u00e9s dans la partie externe du sourcil sont r\u00e9put\u00e9s plus sensibles aux variations hormonales que ceux du reste du visage. Lorsque la production d\u2019hormones thyro\u00efdiennes ralentit, ce que l\u2019on appelle une hypothyro\u00efdie, le m\u00e9tabolisme cellulaire se met en veille, y compris au niveau du cuir chevelu et des zones pileuses. Les poils entrent alors plus rapidement en phase de repos, puis tombent sans \u00eatre renouvel\u00e9s au m\u00eame rythme. C\u2019est ainsi que se dessine, progressivement, cette ligne d\u2019\u00e9claircissement caract\u00e9ristique. Un signe qui, associ\u00e9 \u00e0 une peau plus s\u00e8che, des ongles cassants ou une fatigue persistante, doit inciter \u00e0 consulter sans attendre.<\/p>\n<p>    La TSH, l\u2019examen simple qui l\u00e8ve le doute en quelques jours    <\/p>\n<p class=\"wp-block-paragraph\">Bonne nouvelle : nul besoin d\u2019examens complexes ou invasifs pour confirmer ou \u00e9carter cette hypoth\u00e8se. Une simple <strong>prise de sang<\/strong> permet de mesurer le taux de TSH, l\u2019hormone qui stimule la thyro\u00efde et qui constitue le marqueur de r\u00e9f\u00e9rence pour d\u00e9tecter un d\u00e9s\u00e9quilibre. Un taux anormalement \u00e9lev\u00e9 oriente g\u00e9n\u00e9ralement vers une hypothyro\u00efdie, tandis qu\u2019un taux trop bas peut \u00e9voquer l\u2019inverse, une hyperthyro\u00efdie. Les r\u00e9sultats sont disponibles en quelques jours seulement, ce qui permet une prise en charge rapide si n\u00e9cessaire. Ce test, accessible sur simple prescription d\u2019un m\u00e9decin g\u00e9n\u00e9raliste, reste l\u2019outil le plus fiable pour objectiver ce que le miroir laissait d\u00e9j\u00e0 entrevoir. En cas de confirmation, un traitement hormonal substitutif, adapt\u00e9 et suivi dans la dur\u00e9e, permet le plus souvent de stabiliser la situation et de limiter les r\u00e9percussions, y compris capillaires.<\/p>\n<p class=\"wp-block-paragraph\">Ce d\u00e9tail des sourcils clairsem\u00e9s, aussi discret soit-il, illustre \u00e0 quel point le corps envoie parfois des signaux bien avant que les sympt\u00f4mes plus lourds ne s\u2019installent. Rien ne remplace \u00e9videmment l\u2019avis d\u2019un professionnel de sant\u00e9, mais rester attentif \u00e0 ces petits changements du quotidien reste un r\u00e9flexe pr\u00e9cieux. Alors, la prochaine fois que vous vous regarderez dans le miroir, prendrez-vous le temps d\u2019observer vos sourcils d\u2019un peu plus pr\u00e8s ?<\/p>\n","protected":false},"excerpt":{"rendered":"Vous aimez notre contenu ? Ajoutez-nous \u00e0 vosfavoris Google Et si un simple regard dans le miroir, \u00e0&hellip;\n","protected":false},"author":2,"featured_media":1158195,"comment_status":"","ping_status":"","sticky":false,"template":"","format":"standard","meta":{"footnotes":"","_share_on_mastodon":"0"},"categories":[10],"tags":[1011,27,72,56,71],"class_list":["post-1158194","post","type-post","status-publish","format-standard","has-post-thumbnail","category-sante","tag-fr","tag-france","tag-health","tag-push","tag-sante"],"share_on_mastodon":{"url":"https:\/\/pubeurope.com\/@fr\/117187066676966751","error":""},"_links":{"self":[{"href":"https:\/\/www.europesays.com\/fr\/wp-json\/wp\/v2\/posts\/1158194","targetHints":{"allow":["GET"]}}],"collection":[{"href":"https:\/\/www.europesays.com\/fr\/wp-json\/wp\/v2\/posts"}],"about":[{"href":"https:\/\/www.europesays.com\/fr\/wp-json\/wp\/v2\/types\/post"}],"author":[{"embeddable":true,"href":"https:\/\/www.europesays.com\/fr\/wp-json\/wp\/v2\/users\/2"}],"replies":[{"embeddable":true,"href":"https:\/\/www.europesays.com\/fr\/wp-json\/wp\/v2\/comments?post=1158194"}],"version-history":[{"count":0,"href":"https:\/\/www.europesays.com\/fr\/wp-json\/wp\/v2\/posts\/1158194\/revisions"}],"wp:featuredmedia":[{"embeddable":true,"href":"https:\/\/www.europesays.com\/fr\/wp-json\/wp\/v2\/media\/1158195"}],"wp:attachment":[{"href":"https:\/\/www.europesays.com\/fr\/wp-json\/wp\/v2\/media?parent=1158194"}],"wp:term":[{"taxonomy":"category","embeddable":true,"href":"https:\/\/www.europesays.com\/fr\/wp-json\/wp\/v2\/categories?post=1158194"},{"taxonomy":"post_tag","embeddable":true,"href":"https:\/\/www.europesays.com\/fr\/wp-json\/wp\/v2\/tags?post=1158194"}],"curies":[{"name":"wp","href":"https:\/\/api.w.org\/{rel}","templated":true}]}}