{"id":1158213,"date":"2026-08-30T23:43:47","date_gmt":"2026-08-30T23:43:47","guid":{"rendered":"https:\/\/www.europesays.com\/fr\/1158213\/"},"modified":"2026-08-30T23:43:47","modified_gmt":"2026-08-30T23:43:47","slug":"villers-les-nancy-les-travaux-se-poursuivent-dans-les-etablissements-scolaires","status":"publish","type":"post","link":"https:\/\/www.europesays.com\/fr\/1158213\/","title":{"rendered":"Villers-l\u00e8s-Nancy. Les travaux se poursuivent dans les \u00e9tablissements scolaires"},"content":{"rendered":"<p>Une d\u00e9l\u00e9gation municipale a effectu\u00e9 la visite des \u00e9tablissements scolaires de la ville afin de s\u2019assurer de la bonne finition des travaux r\u00e9alis\u00e9s en r\u00e9gie au cours des vacances d\u2019\u00e9t\u00e9. <\/p>\n<p>La tourn\u00e9e, conduite par le maire Fran\u00e7ois Werner, entour\u00e9 d\u2019adjoints et d\u2019agents techniques, a permis de s\u2019assurer \u00e0 la fois de la fin et du lancement de grands projets structurants alliant am\u00e9lioration des conditions p\u00e9dagogiques et r\u00e9flexions sur le confort thermique dans les \u00e9coles.<\/p>\n<p>\u00ab\u00a0La Ville entreprend depuis plusieurs ann\u00e9es un travail de fond sur l\u2019adaptation des infrastructures scolaires en prenant en compte les cons\u00e9quences du changement climatique\u00a0\u00bb souligne le maire, \u00ab\u00a0l\u2019objectif est de permettre un accueil et des conditions d\u2019enseignement&#8230;<\/p>\n","protected":false},"excerpt":{"rendered":"Une d\u00e9l\u00e9gation municipale a effectu\u00e9 la visite des \u00e9tablissements scolaires de la ville afin de s\u2019assurer de la&hellip;\n","protected":false},"author":2,"featured_media":1158214,"comment_status":"","ping_status":"","sticky":false,"template":"","format":"standard","meta":{"footnotes":"","_share_on_mastodon":"0"},"categories":[9635],"tags":[1111,11,1704,1057,1777,674,1011,27,775,10262,1702,12,25,10261],"class_list":["post-1158213","post","type-post","status-publish","format-standard","has-post-thumbnail","category-nancy","tag-actu","tag-actualites","tag-edition-nancy-et-agglomeration","tag-education","tag-eu","tag-europe","tag-fr","tag-france","tag-grand-est","tag-metropole-du-grand-nancy-54b5","tag-nancy","tag-news","tag-republique-francaise","tag-villers-les-nancy"],"share_on_mastodon":{"url":"https:\/\/pubeurope.com\/@fr\/117187117441161695","error":""},"_links":{"self":[{"href":"https:\/\/www.europesays.com\/fr\/wp-json\/wp\/v2\/posts\/1158213","targetHints":{"allow":["GET"]}}],"collection":[{"href":"https:\/\/www.europesays.com\/fr\/wp-json\/wp\/v2\/posts"}],"about":[{"href":"https:\/\/www.europesays.com\/fr\/wp-json\/wp\/v2\/types\/post"}],"author":[{"embeddable":true,"href":"https:\/\/www.europesays.com\/fr\/wp-json\/wp\/v2\/users\/2"}],"replies":[{"embeddable":true,"href":"https:\/\/www.europesays.com\/fr\/wp-json\/wp\/v2\/comments?post=1158213"}],"version-history":[{"count":0,"href":"https:\/\/www.europesays.com\/fr\/wp-json\/wp\/v2\/posts\/1158213\/revisions"}],"wp:featuredmedia":[{"embeddable":true,"href":"https:\/\/www.europesays.com\/fr\/wp-json\/wp\/v2\/media\/1158214"}],"wp:attachment":[{"href":"https:\/\/www.europesays.com\/fr\/wp-json\/wp\/v2\/media?parent=1158213"}],"wp:term":[{"taxonomy":"category","embeddable":true,"href":"https:\/\/www.europesays.com\/fr\/wp-json\/wp\/v2\/categories?post=1158213"},{"taxonomy":"post_tag","embeddable":true,"href":"https:\/\/www.europesays.com\/fr\/wp-json\/wp\/v2\/tags?post=1158213"}],"curies":[{"name":"wp","href":"https:\/\/api.w.org\/{rel}","templated":true}]}}