{"id":1158215,"date":"2026-08-30T23:45:32","date_gmt":"2026-08-30T23:45:32","guid":{"rendered":"https:\/\/www.europesays.com\/fr\/1158215\/"},"modified":"2026-08-30T23:45:32","modified_gmt":"2026-08-30T23:45:32","slug":"coupe-de-france-federale-le-nancy-metropole-hb-a-deroule-face-a-villers","status":"publish","type":"post","link":"https:\/\/www.europesays.com\/fr\/1158215\/","title":{"rendered":"Coupe de France f\u00e9d\u00e9rale. Le Nancy M\u00e9tropole HB a d\u00e9roul\u00e9 face \u00e0 Villers"},"content":{"rendered":"<p>Villers (N3) &#8211; Nancy M\u00e9tropole HB (N2)<\/p>\n<p>23-35<\/p>\n<p>Alors que les spectateurs du gymnase du Proven\u00e7al s\u2019\u00e9taient gav\u00e9s lors d\u2019un lever de rideau de haut standing entre les Villaroises (N2) et le BMHB (N1) qui s\u2019\u00e9tait conclu aux tirs au but \u00e0 la mort subite (36-37 pour le BMHB), la confrontation entre Villers et le Nancy MH comptant pour le 1er tour de la Coupe de France F\u00e9d\u00e9rale a indiscutablement laiss\u00e9 le public sur sa faim. M\u00eame si dans le cadre de la nouvelle convention qui lie d\u00e9sormais les deux clubs (voir nos prochaines \u00e9ditions), quelques jeunes \u00e9l\u00e9ments nanc\u00e9iens \u00e9taient venus renforcer les lignes du \u00ab sept\u00a0\u00bb villarois, le suspense n\u2019a dur\u00e9 que quelques minutes. Le temps pour Pavljasevic de maintenir les pensionnaires de N3 \u00e0 hauteur en transformant deux penaltys (2-2, 3e).<\/p>\n<p>Malheureusement par la suite, la troupe dirig\u00e9e par Micka\u00ebl Rigolot a commenc\u00e9 par prendre l\u2019eau de tous c\u00f4t\u00e9s subissant les vagues successives de Nanc\u00e9iens, d\u00e9j\u00e0 terriblement aff\u00fbt\u00e9s. Gr\u00e2ce \u00e0 son jeu rapide et sa puissance physique, le Nancy MH faisait tourner en bourrique une d\u00e9fense adverse d\u00e9pass\u00e9e par les \u00e9v\u00e9nements. Le kung-fu de Jedrzejewski traduisait parfaitement la facult\u00e9 de ses couleurs \u00e0 mettre hors de position leurs h\u00f4tes (4-6, 8e puis 8-12, 18e).<\/p>\n<p>  Un match particulier<\/p>\n<p>Le spectaculaire double arr\u00eat de Marchand sur des tentatives \u00e0 7m de Pavljasevic assommait un peu plus un collectif villarois puni par d\u2019incessants contres nanc\u00e9iens (11-17, 25e). Sur jeu plac\u00e9, le Nancy MH n\u2019\u00e9tait pas en reste gr\u00e2ce aux bras de Perrault et aux centim\u00e8tres de Hienne, qui faisait la loi au poste de pivot (13-21, 30e). \u00ab\u00a0C&rsquo;\u00e9tait un match particulier entre deux \u00e9quipes qui font d\u00e9sormais partie de l\u2019entente Nancy\/Villers\u00a0\u00bb, confiait apr\u00e8s le match Thierry Thoni, l\u2019entra\u00eeneur de la N2 nanc\u00e9ienne. \u00ab\u00a0On a essay\u00e9 d\u2019\u00eatre le plus s\u00e9rieux possible afin de pr\u00e9parer au mieux notre d\u00e9but de championnat\u00a0\u00bb.<\/p>\n<p>Effectivement, alors que la cause \u00e9tait entendue \u00e0 la pause, Cunin et consorts n\u2019ont pas lev\u00e9 le pied de la p\u00e9dale d\u2019acc\u00e9l\u00e9rateur. Ainsi, Urban portait, dans un premier temps, l\u2019avance du NHB \u00e0 dix unit\u00e9s (15-25, 34e). Dans une soir\u00e9e particuli\u00e8rement inconfortable pour les portiers Villarois, Birckel signait bien quelques prouesses mais le dernier rempart villarois \u00e9tait le plus souvent esseul\u00e9 face aux attaquants adverses (20-30, 48e). Au contraire de l\u2019autre c\u00f4t\u00e9 du terrain, Marchand prenait un malin plaisir \u00e0 \u00e9teindre Poncet (2\/9) et Pavljasevic (2\/5). Tout devenait alors bien trop facile pour des Nanc\u00e9iens beaucoup trop forts samedi pour les Villarois. Si bien que mis \u00e0 part les deux gardiens, l\u2019ensemble du collectif de Thierry Thoni participait au festival offensif (23-35, 60e).<\/p>\n<p class=\"note\"><strong>VILLERS<\/strong> \u00a0: Louis 5, Urban 4, Renaux 3, Mo\u00efse 2, Pavljas\u00e9vic 2, Eggimann-Collin 2, Poncet 2, Podolak 1, G\u00e9rardin-Monasse 1, Lambert 1. <br \/><strong>NANCY MH<\/strong> \u00a0: Feid 6, Buathier 4, Hienne 4, Jedrzejewski 4, Perrault 3, Gengenbacher 3, Chevreux 3, Raucy 2, Blaise 2, Bouget 2, Cunin 1, Olivier 1,<\/p>\n","protected":false},"excerpt":{"rendered":"Villers (N3) &#8211; Nancy M\u00e9tropole HB (N2) 23-35 Alors que les spectateurs du gymnase du Proven\u00e7al s\u2019\u00e9taient gav\u00e9s&hellip;\n","protected":false},"author":2,"featured_media":1158216,"comment_status":"","ping_status":"","sticky":false,"template":"","format":"standard","meta":{"footnotes":"","_share_on_mastodon":"0"},"categories":[9635],"tags":[1111,11,1704,1777,674,1701,1011,27,775,1792,1702,1703,12,25,517,1700],"class_list":["post-1158215","post","type-post","status-publish","format-standard","has-post-thumbnail","category-nancy","tag-actu","tag-actualites","tag-edition-nancy-et-agglomeration","tag-eu","tag-europe","tag-fil-info-sport","tag-fr","tag-france","tag-grand-est","tag-handball","tag-nancy","tag-nancy-ville-54b","tag-news","tag-republique-francaise","tag-sport","tag-sport-lorrain"],"share_on_mastodon":{"url":"https:\/\/pubeurope.com\/@fr\/117187125075939923","error":""},"_links":{"self":[{"href":"https:\/\/www.europesays.com\/fr\/wp-json\/wp\/v2\/posts\/1158215","targetHints":{"allow":["GET"]}}],"collection":[{"href":"https:\/\/www.europesays.com\/fr\/wp-json\/wp\/v2\/posts"}],"about":[{"href":"https:\/\/www.europesays.com\/fr\/wp-json\/wp\/v2\/types\/post"}],"author":[{"embeddable":true,"href":"https:\/\/www.europesays.com\/fr\/wp-json\/wp\/v2\/users\/2"}],"replies":[{"embeddable":true,"href":"https:\/\/www.europesays.com\/fr\/wp-json\/wp\/v2\/comments?post=1158215"}],"version-history":[{"count":0,"href":"https:\/\/www.europesays.com\/fr\/wp-json\/wp\/v2\/posts\/1158215\/revisions"}],"wp:featuredmedia":[{"embeddable":true,"href":"https:\/\/www.europesays.com\/fr\/wp-json\/wp\/v2\/media\/1158216"}],"wp:attachment":[{"href":"https:\/\/www.europesays.com\/fr\/wp-json\/wp\/v2\/media?parent=1158215"}],"wp:term":[{"taxonomy":"category","embeddable":true,"href":"https:\/\/www.europesays.com\/fr\/wp-json\/wp\/v2\/categories?post=1158215"},{"taxonomy":"post_tag","embeddable":true,"href":"https:\/\/www.europesays.com\/fr\/wp-json\/wp\/v2\/tags?post=1158215"}],"curies":[{"name":"wp","href":"https:\/\/api.w.org\/{rel}","templated":true}]}}