{"id":1158228,"date":"2026-08-31T00:07:19","date_gmt":"2026-08-31T00:07:19","guid":{"rendered":"https:\/\/www.europesays.com\/fr\/1158228\/"},"modified":"2026-08-31T00:07:19","modified_gmt":"2026-08-31T00:07:19","slug":"le-plus-gros-regret-a-la-region-cest-la-perte-des-jeux-a-nice-notre-interview-de-renaud-muselier","status":"publish","type":"post","link":"https:\/\/www.europesays.com\/fr\/1158228\/","title":{"rendered":"\u00ab\u00a0Le plus gros regret \u00e0 la R\u00e9gion, c&rsquo;est la perte des Jeux \u00e0 Nice\u00a0\u00bb : notre interview de Renaud Muselier"},"content":{"rendered":"<p><strong>Vous sortez d\u2019un long mandat \u00e0 la R\u00e9gion. Avez-vous un regret\u00a0?<\/strong>&#13;\n<\/p>\n<p>Mon plus gros regret,<a href=\"https:\/\/www.laprovence.com\/article\/sports\/18587015201969\/jo-2030-nice-et-les-jeux-olympiques-cest-officiellement-fini-lyon-accueillera-les-epreuves-de-glace\" target=\"_self\" rel=\"nofollow noopener\"> c\u2019est la perte des Jeux \u00e0 Nice.<\/a> On ne mesure pas bien les cons\u00e9quences. On perd la c\u00e9r\u00e9monie de cl\u00f4ture d\u2019un \u00e9v\u00e9nement mondial, des retomb\u00e9es \u00e9conomiques<a href=\"https:\/\/www.laprovence.com\/article\/sports\/16806703456604\/jo-2030-pour-renaud-muselier-leviction-de-nice-de-la-carte-olympique-est-un-gachis-immense\" target=\"_self\" rel=\"nofollow noopener\"> de l\u2019ordre du milliard d\u2019euros <\/a>et la priorit\u00e9 sur certains projets, comme la ligne ferroviaire nouvelle. C\u2019est un cr\u00e8ve-c\u0153ur dont le maire de Nice est enti\u00e8rement responsable. Cette occasion ne passera plus jamais. Je me suis battu comme un fou pour l\u2019avoir et le maire de Nice a montr\u00e9 ce que l\u2019extr\u00eame droite est capable de faire d\u2019un coup de patte. Gr\u00e2ce aux Jeux, j\u2019ai pu heureusement signer des contrats de plan qui permettent de financer le contournement de Martigues-Fos et les travaux entre Fos et Salon, des r\u00e9novations de gares. \u00c7a ne sera pas remis en question, mais il vaudra mieux surveiller.<\/p>\n<p><strong>Vous pr\u00e9parez votre succession \u00e0 la R\u00e9gion. Fran\u00e7ois de Canson est une \u00e9vidence \u00e0 vos yeux, alors que le maire de Forcalquier, par exemple, s\u2019y voyait aussi\u2026<\/strong>&#13;\n<\/p>\n<p>\n<a href=\"https:\/\/www.laprovence.com\/article\/economie\/9924427408989214\/francois-de-canson-le-tourisme-nest-pas-une-rente-il-faut-sans-cesse-se-renouveler\" target=\"_self\" rel=\"nofollow noopener\">Fran\u00e7ois de Canson est vice-pr\u00e9sident<\/a>, en charge de l\u2019\u00e9conomie et du tourisme, il a \u00e9t\u00e9 t\u00eate de liste dans le Var, un d\u00e9partement important. Les Alpes p\u00e8sent moins politiquement. Tous sont&#8230;<\/p>\n","protected":false},"excerpt":{"rendered":"Vous sortez d\u2019un long mandat \u00e0 la R\u00e9gion. Avez-vous un regret\u00a0?&#13; Mon plus gros regret, c\u2019est la perte&hellip;\n","protected":false},"author":2,"featured_media":1158229,"comment_status":"","ping_status":"","sticky":false,"template":"","format":"standard","meta":{"footnotes":"","_share_on_mastodon":"0"},"categories":[2819],"tags":[930,5734,1111,11,2511,1777,674,1011,27,5239,12,2401,16565,378,316,882,16,2386,25],"class_list":["post-1158228","post","type-post","status-publish","format-standard","has-post-thumbnail","category-nice","tag-le","tag-5734","tag-actu","tag-actualites","tag-cest","tag-eu","tag-europe","tag-fr","tag-france","tag-gros","tag-news","tag-nice","tag-perte","tag-plus","tag-politique","tag-provence-alpes-cote-dazur","tag-region","tag-regret","tag-republique-francaise"],"share_on_mastodon":{"url":"https:\/\/pubeurope.com\/@fr\/117187211935517394","error":""},"_links":{"self":[{"href":"https:\/\/www.europesays.com\/fr\/wp-json\/wp\/v2\/posts\/1158228","targetHints":{"allow":["GET"]}}],"collection":[{"href":"https:\/\/www.europesays.com\/fr\/wp-json\/wp\/v2\/posts"}],"about":[{"href":"https:\/\/www.europesays.com\/fr\/wp-json\/wp\/v2\/types\/post"}],"author":[{"embeddable":true,"href":"https:\/\/www.europesays.com\/fr\/wp-json\/wp\/v2\/users\/2"}],"replies":[{"embeddable":true,"href":"https:\/\/www.europesays.com\/fr\/wp-json\/wp\/v2\/comments?post=1158228"}],"version-history":[{"count":0,"href":"https:\/\/www.europesays.com\/fr\/wp-json\/wp\/v2\/posts\/1158228\/revisions"}],"wp:featuredmedia":[{"embeddable":true,"href":"https:\/\/www.europesays.com\/fr\/wp-json\/wp\/v2\/media\/1158229"}],"wp:attachment":[{"href":"https:\/\/www.europesays.com\/fr\/wp-json\/wp\/v2\/media?parent=1158228"}],"wp:term":[{"taxonomy":"category","embeddable":true,"href":"https:\/\/www.europesays.com\/fr\/wp-json\/wp\/v2\/categories?post=1158228"},{"taxonomy":"post_tag","embeddable":true,"href":"https:\/\/www.europesays.com\/fr\/wp-json\/wp\/v2\/tags?post=1158228"}],"curies":[{"name":"wp","href":"https:\/\/api.w.org\/{rel}","templated":true}]}}