{"id":115823,"date":"2025-05-21T02:55:11","date_gmt":"2025-05-21T02:55:11","guid":{"rendered":"https:\/\/www.europesays.com\/fr\/115823\/"},"modified":"2025-05-21T02:55:11","modified_gmt":"2025-05-21T02:55:11","slug":"comment-ce-quartier-de-toulouse-poursuit-sa-mutation","status":"publish","type":"post","link":"https:\/\/www.europesays.com\/fr\/115823\/","title":{"rendered":"comment ce quartier de Toulouse poursuit sa mutation"},"content":{"rendered":"<p>            Par<br \/>\n        <strong><br \/>\n            <a href=\"https:\/\/actu.fr\/auteur\/david-saint-sernin\" title=\"Consulter tous les articles de David Saint-Sernin\" rel=\"nofollow noopener\" target=\"_blank\">David Saint-Sernin<\/a><br \/>\n        <\/strong><\/p>\n<p>        Publi\u00e9 le<\/p>\n<p>            20 mai 2025 \u00e0 6h04        <\/p>\n<p>Ce n\u2019est pas comparable aux transformations du quartier Guillaumet, du quartier Malep\u00e8re, ou du quartier Grand Matabiau, mais le quartier de la Barri\u00e8re-de-Paris figure parmi ceux o\u00f9 <a href=\"https:\/\/actu.fr\/occitanie\/toulouse_31555\/toulouse-des-immeubles-a-la-place-des-maisons-ce-quartier-est-en-pleine-mutation_60797490.html\" rel=\"nofollow noopener\" target=\"_blank\">les changements sont les plus palpables \u00e0 Toulouse<\/a>. \u00ab\u2009Il <a href=\"https:\/\/actu.fr\/occitanie\/toulouse_31555\/les-grues-sont-omnipresentes-a-toulouse-avec-les-travaux-leur-nombre-est-il-plus-important-qu-avant_62574699.html\" rel=\"nofollow noopener\" target=\"_blank\">y a des grues partout<\/a>. Ce sont quatre \u00e0 cinq grues en continu que l\u2019on peut observer autour de la Barri\u00e8re-de-Paris. Cela change seulement d\u2019endroit au fil des saisons\u2009\u00bb, constate<strong> Serge Baggi, co-pr\u00e9sident du comit\u00e9 de quartier Minimes-Barri\u00e8re de Paris<\/strong>, et fin observateur des changements de son quartier depuis plus de quinze ans. Comme l\u2019expliquait <strong>la maire de quartier, C\u00e9cile Dufraisse,<\/strong> \u00e0 Actu Toulouse, il y a quelques mois, \u00ab\u2009\u00e0 Barri\u00e8re de Paris, il y a de nouveaux logements qui vont arriver, mais nous sommes vigilants\u00a0pour ne pas perdre la proximit\u00e9 identitaire du quartier\u2009\u00bb. Op\u00e9rer <a href=\"https:\/\/actu.fr\/occitanie\/toulouse_31555\/metro-comment-toulouse-va-batir-des-milliers-de-logements-pres-de-la-ligne-c_60823029.html\" rel=\"nofollow noopener\" target=\"_blank\">une mutation le long de la future 3e ligne de m\u00e9tro<\/a>, tout en prot\u00e9geant sa vie de quartier\u2009: c\u2019est tout le d\u00e9fi pour ce \u00ab\u2009quartier t\u00e9moin\u2009\u00bb de l\u2019\u00e9volution de la Ville rose. Un d\u00e9fi qui se vit au pr\u00e9sent, il suffit pour cela d\u2019observer les changements qui se profilent tout autour du rond-point de la Barri\u00e8re de Paris, porte d\u2019entr\u00e9e vers les Minimes, et rep\u00e8re incontournable avec sa sculpture monumentale qui s\u2019\u00e9l\u00e8ve \u00e0 25\u00a0m\u00e8tres de haut.<strong> Ce qui va changer.<\/strong><\/p>\n<p class=\" wall-content\">Au niveau du rond-point de la Barri\u00e8re-de-Paris, il reste quelques rep\u00e8res inamovibles\u2009: la sculpture de Bernar Venet, le bar La Salade, et la petite maison atypique qui abrite le restaurant Le Pav\u00e9 des Minimes\u2026 Pour le reste, le quartier a v\u00e9cu de grandes transformations, et va continuer \u00e0 en vivre.<\/p>\n<p>    <img   decoding=\"async\" loading=\"lazy\" src=\"https:\/\/www.europesays.com\/fr\/wp-content\/uploads\/2025\/05\/img-6262-960x640.jpg\" alt=\"Le Pav\u00e9 de Minimes, innamovible restaurant du quartier et sa maison atypique qui traverse toutes les mutations du quartier.\" width=\"960\" height=\"640\"\/><br \/>\n    Le Pav\u00e9 de Minimes, inamovible restaurant du quartier et sa maison atypique qui traverse toutes les mutations du quartier. (\u00a9David Saint-Sernin\/Actu Toulouse)Un trou b\u00e9ant pr\u00e8s de la Barri\u00e8re de Paris<\/p>\n<p class=\" wall-content\">La plus significative se situe juste \u00e0 c\u00f4t\u00e9 de la Barri\u00e8re-de-Paris, au bord du boulevard Silvio-Trentin. L\u00e0, c\u2019est un<strong> trou b\u00e9ant<\/strong> qui peut \u00eatre observ\u00e9. En lieu et place d\u2019un vaste hangar qui abritait en dernier lieu une salle de sport, c\u2019est une<strong> r\u00e9sidence de 5 \u00e9tages et de 61 logements<\/strong>, r\u00e9partis en deux b\u00e2timents, qui est en cours de construction au num\u00e9ro 100 du boulevard.<\/p>\n<p>    <img   decoding=\"async\" loading=\"lazy\" src=\"https:\/\/www.europesays.com\/fr\/wp-content\/uploads\/2025\/05\/img-6267-960x640.jpg\" alt=\"C'est une r\u00e9sidence de 61 logements, en deux b\u00e2timents, qui va voir le jour pr\u00e8s de la Barri\u00e8re-de-Paris. Pour l'heure, c'est un trou b\u00e9ant qui est visible au niveau du 100 boulevard Silvio Trentin. \" width=\"960\" height=\"640\"\/><br \/>\n    C\u2019est une r\u00e9sidence de 61 logements, en deux b\u00e2timents, qui va voir le jour pr\u00e8s de la Barri\u00e8re-de-Paris. Pour l\u2019heure, c\u2019est un trou b\u00e9ant qui est visible au niveau du 100 boulevard Silvio Trentin. (\u00a9David Saint-Sernin\/Actu Toulouse)Vers la fin des constructions sur le boulevard Trentin<\/p>\n<p class=\" wall-content\">Un peu plus loin, c\u2019est un magasin de pi\u00e8ces d\u00e9tach\u00e9es qui va laisser la place \u00e0 de nouvelles r\u00e9sidences.<\/p>\n<p class=\" wall-content\">\u00ab\u2009C\u2019est l\u2019ach\u00e8vement de la densification sur le boulevard Silvio Trentin, la fin de ce couloir, t\u00e9moigne Serge Baggi. C\u2019est un rendez-vous manqu\u00e9 de mon point de vue. On aurait pu en profiter pour \u00e9largir l\u2019avenue, pr\u00e9voir des trottoirs plus larges pour les pi\u00e9tons et des pistes cyclables s\u00e9par\u00e9es de la circulation pour les cyclistes. C\u2019est dommage\u2009\u00bb.<\/p>\n<p>    <img   decoding=\"async\" loading=\"lazy\" src=\"https:\/\/www.europesays.com\/fr\/wp-content\/uploads\/2025\/05\/img-5500-960x640.jpg\" alt=\"Le boulevard Silvio Trentin a vu la constructiond e nombreux immeubles depuis 15 ans. Les derni\u00e8res op\u00e9rations se profilent. \" width=\"960\" height=\"640\"\/><br \/>\n    Le boulevard Silvio Trentin a vu la construction de nombreux immeubles depuis 15\u00a0ans. Les derni\u00e8res op\u00e9rations se profilent. (\u00a9David Saint-Sernin\/Actu Toulouse)Un gros projet dans l\u2019immeuble de La Poste<\/p>\n<p class=\" wall-content\">Toujours autour du rond-point, le <strong>b\u00e2timent de La Poste<\/strong> va \u00eatre transform\u00e9. Vid\u00e9 en septembre\u00a02024, \u00ab\u2009un<strong> projet de reconversion<\/strong> de ce site tertiaire en logements est en cours d\u2019\u00e9laboration\u2009\u00bb, indiquait La Poste \u00e0 Actu Toulouse il y a quelques mois. En cette fin de printemps 2025, La Poste indique que ce sont 200 logements qui verront le jour dans ce b\u00e2timent\u2009: \u00ab\u2009des logements \u00e9tudiants, du logement social et une r\u00e9sidence de standing\u2009\u00bb, pr\u00e9cise La Poste.<\/p>\n<p class=\" wall-content\">Le calendrier pr\u00e9visionnel ? \u00ab\u00a0Un d\u00e9but des travaux en 2026 et une livraison en 2028 si le calendrier est respect\u00e9 compl\u00e8te\u00a0\u00bb, La Poste.<\/p>\n<p>    <img   decoding=\"async\" loading=\"lazy\" src=\"https:\/\/www.europesays.com\/fr\/wp-content\/uploads\/2025\/05\/img-6261-960x640.jpg\" alt=\"Le grand b\u00e2timent de La Poste est en phase de transition. En 2026, il doit abriter des dizaines de logements \u00e9tudiants. \" width=\"960\" height=\"640\"\/><br \/>\n    Le grand b\u00e2timent de La Poste est en phase de transition. En 2026, il doit abriter des dizaines de logements \u00e9tudiants. (\u00a9David Saint-Sernin\/Actu Toulouse)\u00ab\u2009Conserver le tissu de commerces de proximit\u00e9\u2009\u00bb<\/p>\n<p class=\" wall-content\">Pour C\u00e9cile Dufraisse, \u00ab\u2009la Barri\u00e8re de Paris va bouger dans le bon sens du terme, on fait notamment attention \u00e0 conserver le tissu commerce de proximit\u00e9. Car il y a une vie de quartier au niveau de la Barri\u00e8re avec le centre commercial, avec le coiffeur, le Mc Do\u2026\u2009\u00bb. Selon le comit\u00e9 de quartier, ces commerces seraient au nombre de 80 dans le p\u00e9rim\u00e8tre de la Barri\u00e8re-de-Paris.<\/p>\n<p>Beaucoup d\u2019enseignes sont arriv\u00e9es<\/p>\n<p class=\" wall-content\">Ces derni\u00e8res ann\u00e9es, notamment depuis 2018, les enseignes ont largement chang\u00e9 autour de la Barri\u00e8re-de-Paris\u2009: le mouvement le plus r\u00e9cent<a href=\"https:\/\/actu.fr\/occitanie\/toulouse_31555\/un-vieux-supermarche-de-toulouse-ferme-une-nouvelle-enseigne-connue-debarque_61655017.html\" rel=\"nofollow noopener\" target=\"_blank\"> \u00e9tant la fermeture de Casino qui a c\u00e9d\u00e9 la place \u00e0 Intermarch\u00e9<\/a>. Ces derni\u00e8res ann\u00e9es, c\u2019est <strong>Carrefour City<\/strong> qui s\u2019\u00e9tait install\u00e9 avec <strong>McDo<\/strong> et <strong>Picard<\/strong> sur le site de l\u2019ancienne concession automobile Ford.<strong> Pizza Hut<\/strong> avait ouvert un restaurant autour du rond-point comme <strong>Tacos School.<\/strong> Des enseignes aujourd\u2019hui bien \u00e9tablies.<\/p>\n<p>    <img   decoding=\"async\" loading=\"lazy\" src=\"https:\/\/www.europesays.com\/fr\/wp-content\/uploads\/2025\/05\/20250519-121221-960x640.jpg\" alt=\"A l'automne 2024, Intermarch\u00e9 a remplac\u00e9 Casino.\" width=\"960\" height=\"640\"\/><br \/>\n    \u00c0 l\u2019automne 2024, Intermarch\u00e9 a remplac\u00e9 Casino. (\u00a9David Saint-Sernin\/Actu Toulouse)La circulation inqui\u00e8te<\/p>\n<p class=\" wall-content\">Face \u00e0 cette transformation r\u00e9guli\u00e8re du quartier, quelles sont les inqui\u00e9tudes et les attentes des riverains\u2009?<\/p>\n<p class=\" wall-content\">\u00ab\u2009Clairement, la circulation ne s\u2019est pas am\u00e9lior\u00e9e et cela risque de ne pas s\u2019am\u00e9liorer avec l\u2019arriv\u00e9e de plusieurs centaines de logements. Nous serons vigilants sur les am\u00e9nagements \u00e0 venir sur le boulevard Pierre-et-Marie Curie\u2009\u00bb, indique Serge Baggi. Un r\u00e9am\u00e9nagement de ce boulevard, en cours de densification, est en effet \u00e0 l\u2019\u00e9tude depuis plusieurs mois et devait entrer en phase de concertation au d\u00e9but de l\u2019ann\u00e9e 2025.<\/p>\n<p>    <img   decoding=\"async\" loading=\"lazy\" src=\"https:\/\/www.europesays.com\/fr\/wp-content\/uploads\/2025\/05\/img-6270-960x640.jpg\" alt=\"Quartier de la Barri\u00e8re-de-Paris, la circulation inqui\u00e8te : il faut dire qu'elle est dense, en t\u00e9moigne cette photo de l'avenue des Etats-Unis, ce lundi 19 mai, \u00e0 la mi-journ\u00e9e. \" width=\"960\" height=\"640\"\/><br \/>\n    Quartier de la Barri\u00e8re-de-Paris, la circulation inqui\u00e8te\u2009: il faut dire qu\u2019elle est dense, en t\u00e9moigne cette photo de l\u2019avenue des \u00c9tats-Unis, ce lundi 19\u00a0mai, \u00e0 la mi-journ\u00e9e. (\u00a9David Saint-Sernin\/Actu Toulouse)\u00ab\u2009Pr\u00e9server certaines rues\u2009\u00bb<\/p>\n<p class=\" wall-content\">Concernant l\u2019identit\u00e9 du quartier, le collectif de riverains souhaite la <strong>pr\u00e9servation de certaines rues<\/strong>\u2009: \u00ab\u2009La densification est forte avec <strong>l\u2019arriv\u00e9e des cinq stations de m\u00e9tro<\/strong> du secteur, mais il y a ici une histoire, un tissu associatif et des rues qui r\u00e9sistent \u00e0 la construction de nouveaux immeubles. Ces rues doivent \u00eatre pr\u00e9serv\u00e9es, car elles maintiennent ce<strong> tissu des faubourgs<\/strong> o\u00f9 il fait bon vivre. Il faut ensuite proposer les \u00e9quipements qui vont avec l\u2019arriv\u00e9e des nouveaux habitants. Et penser aussi aux jardins publics car nous avons besoin de nombreux espaces verts avec cette densification.\u2009\u00bb<\/p>\n<p>Des jardins cr\u00e9\u00e9s<\/p>\n<p class=\" wall-content\">Ces derni\u00e8res semaines, la mairie de Toulouse a inaugur\u00e9 le jardin du Prat Long, am\u00e9nag\u00e9 sur une ancienne friche pr\u00e8s du canal lat\u00e9ral, et le jardin des Capucins, \u00e0 l\u2019angle des rues de Tunis et Pierre Cazeneuve.<\/p>\n<p class=\" wall-content\">Le parc de la Salade est quant \u00e0 lui sur le point d\u2019\u00eatre finalis\u00e9.<\/p>\n<p class=\" wall-content\">Suivez toute l\u2019actualit\u00e9 de vos villes et m\u00e9dias favoris en vous inscrivant \u00e0 <a href=\"https:\/\/moncompte.actu.fr\" title=\"D\u00e9couvez Mon Actu\" rel=\"nofollow noopener\" data-trk=\"{&quot;cta&quot;:{&quot;action&quot;:&quot;https:\\\/\\\/moncompte.actu.fr&quot;,&quot;category&quot;:&quot;mon compte&quot;,&quot;from&quot;:&quot;article footer&quot;,&quot;name&quot;:&quot;Mon actu&quot;,&quot;type&quot;:&quot;cta&quot;}}\" target=\"_blank\">Mon Actu<\/a>.<\/p>\n","protected":false},"excerpt":{"rendered":"Par David Saint-Sernin Publi\u00e9 le 20 mai 2025 \u00e0 6h04 Ce n\u2019est pas comparable aux transformations du quartier&hellip;\n","protected":false},"author":2,"featured_media":115824,"comment_status":"","ping_status":"","sticky":false,"template":"","format":"standard","meta":{"footnotes":""},"categories":[1888],"tags":[1111,1928,11,1927,215,1777,674,1011,27,12,1926,626,1925,25,104,1352],"class_list":{"0":"post-115823","1":"post","2":"type-post","3":"status-publish","4":"format-standard","5":"has-post-thumbnail","7":"category-paris","8":"tag-actu","9":"tag-actu-paris","10":"tag-actualites","11":"tag-actualites-paris","12":"tag-commerce","13":"tag-eu","14":"tag-europe","15":"tag-fr","16":"tag-france","17":"tag-news","18":"tag-news-paris","19":"tag-paris","20":"tag-paris-news","21":"tag-republique-francaise","22":"tag-societe","23":"tag-urbanisme"},"share_on_mastodon":{"url":"https:\/\/pubeurope.com\/@fr\/114543573408697690","error":""},"_links":{"self":[{"href":"https:\/\/www.europesays.com\/fr\/wp-json\/wp\/v2\/posts\/115823","targetHints":{"allow":["GET"]}}],"collection":[{"href":"https:\/\/www.europesays.com\/fr\/wp-json\/wp\/v2\/posts"}],"about":[{"href":"https:\/\/www.europesays.com\/fr\/wp-json\/wp\/v2\/types\/post"}],"author":[{"embeddable":true,"href":"https:\/\/www.europesays.com\/fr\/wp-json\/wp\/v2\/users\/2"}],"replies":[{"embeddable":true,"href":"https:\/\/www.europesays.com\/fr\/wp-json\/wp\/v2\/comments?post=115823"}],"version-history":[{"count":0,"href":"https:\/\/www.europesays.com\/fr\/wp-json\/wp\/v2\/posts\/115823\/revisions"}],"wp:featuredmedia":[{"embeddable":true,"href":"https:\/\/www.europesays.com\/fr\/wp-json\/wp\/v2\/media\/115824"}],"wp:attachment":[{"href":"https:\/\/www.europesays.com\/fr\/wp-json\/wp\/v2\/media?parent=115823"}],"wp:term":[{"taxonomy":"category","embeddable":true,"href":"https:\/\/www.europesays.com\/fr\/wp-json\/wp\/v2\/categories?post=115823"},{"taxonomy":"post_tag","embeddable":true,"href":"https:\/\/www.europesays.com\/fr\/wp-json\/wp\/v2\/tags?post=115823"}],"curies":[{"name":"wp","href":"https:\/\/api.w.org\/{rel}","templated":true}]}}