{"id":1158230,"date":"2026-08-31T00:08:15","date_gmt":"2026-08-31T00:08:15","guid":{"rendered":"https:\/\/www.europesays.com\/fr\/1158230\/"},"modified":"2026-08-31T00:08:15","modified_gmt":"2026-08-31T00:08:15","slug":"meteo-nice-previsions-du-lundi-31-aout-2026","status":"publish","type":"post","link":"https:\/\/www.europesays.com\/fr\/1158230\/","title":{"rendered":"M\u00e9t\u00e9o Nice : pr\u00e9visions du lundi 31 ao\u00fbt 2026"},"content":{"rendered":"<p>Nice va \u00eatre inond\u00e9e de soleil au cours de cette journ\u00e9e. Les valeurs iront de 21 \u00e0 26\u00b0C. Dans la matin\u00e9e, les temp\u00e9ratures tourneront autour des 24\u00b0C. Un vent de nord-ouest soufflera doucement. Les maximales atteindront les 26\u00b0C dans l&rsquo;apr\u00e8s-midi alors que les minimales seront de 25\u00b0C. Les temp\u00e9ratures s&rsquo;\u00e9chelonneront entre 23\u00b0C et 25\u00b0C dans la soir\u00e9e. Pour les passionn\u00e9s d&rsquo;astronomie, sachez que la nuit sera claire.<\/p>\n<p>Demain, un grand soleil rayonnera sur Nice. Le mercure affichera 24\u00b0C en moyenne. Les valeurs seront comprises entre 20 et 27\u00b0C pendant la matin\u00e9e. Un vent de nord-ouest soufflera un peu, avec 7 km\/h. Les temp\u00e9ratures afficheront entre 26 et 27\u00b0C demain apr\u00e8s-midi. Les valeurs tourneront autour des 25\u00b0C dans la soir\u00e9e. Une petite brise de sud-ouest sera ressentie par les habitants.<\/p>\n<p>Peu de changements pour la suite. Des temp\u00e9ratures dans les 28\u00b0C accompagneront un ciel ensoleill\u00e9.<\/p>\n<p><\/p>\n","protected":false},"excerpt":{"rendered":"Nice va \u00eatre inond\u00e9e de soleil au cours de cette journ\u00e9e. Les valeurs iront de 21 \u00e0 26\u00b0C.&hellip;\n","protected":false},"author":2,"featured_media":1158231,"comment_status":"","ping_status":"","sticky":false,"template":"","format":"standard","meta":{"footnotes":"","_share_on_mastodon":"0"},"categories":[2819],"tags":[1111,11,1777,674,1011,27,12,2401,2119,882,25],"class_list":["post-1158230","post","type-post","status-publish","format-standard","has-post-thumbnail","category-nice","tag-actu","tag-actualites","tag-eu","tag-europe","tag-fr","tag-france","tag-news","tag-nice","tag-previsions-meteo","tag-provence-alpes-cote-dazur","tag-republique-francaise"],"share_on_mastodon":{"url":"https:\/\/pubeurope.com\/@fr\/117187215452937988","error":""},"_links":{"self":[{"href":"https:\/\/www.europesays.com\/fr\/wp-json\/wp\/v2\/posts\/1158230","targetHints":{"allow":["GET"]}}],"collection":[{"href":"https:\/\/www.europesays.com\/fr\/wp-json\/wp\/v2\/posts"}],"about":[{"href":"https:\/\/www.europesays.com\/fr\/wp-json\/wp\/v2\/types\/post"}],"author":[{"embeddable":true,"href":"https:\/\/www.europesays.com\/fr\/wp-json\/wp\/v2\/users\/2"}],"replies":[{"embeddable":true,"href":"https:\/\/www.europesays.com\/fr\/wp-json\/wp\/v2\/comments?post=1158230"}],"version-history":[{"count":0,"href":"https:\/\/www.europesays.com\/fr\/wp-json\/wp\/v2\/posts\/1158230\/revisions"}],"wp:featuredmedia":[{"embeddable":true,"href":"https:\/\/www.europesays.com\/fr\/wp-json\/wp\/v2\/media\/1158231"}],"wp:attachment":[{"href":"https:\/\/www.europesays.com\/fr\/wp-json\/wp\/v2\/media?parent=1158230"}],"wp:term":[{"taxonomy":"category","embeddable":true,"href":"https:\/\/www.europesays.com\/fr\/wp-json\/wp\/v2\/categories?post=1158230"},{"taxonomy":"post_tag","embeddable":true,"href":"https:\/\/www.europesays.com\/fr\/wp-json\/wp\/v2\/tags?post=1158230"}],"curies":[{"name":"wp","href":"https:\/\/api.w.org\/{rel}","templated":true}]}}