{"id":1158243,"date":"2026-08-31T00:19:55","date_gmt":"2026-08-31T00:19:55","guid":{"rendered":"https:\/\/www.europesays.com\/fr\/1158243\/"},"modified":"2026-08-31T00:19:55","modified_gmt":"2026-08-31T00:19:55","slug":"lexorciste-de-marseille-condamne-a-15-ans-de-reclusion-pour-le-viol-de-ses-patientes","status":"publish","type":"post","link":"https:\/\/www.europesays.com\/fr\/1158243\/","title":{"rendered":"\u00ab\u00a0L\u2019exorciste de Marseille\u00a0\u00bb condamn\u00e9 \u00e0 15\u00a0ans de r\u00e9clusion pour le viol de ses patientes"},"content":{"rendered":"<p>Dans la froideur du huis clos obtenu par l\u2019avocat d\u2019une des victimes, le proc\u00e8s du <a href=\"https:\/\/www.laprovence.com\/article\/faits-divers-justice\/7698438791124614\/accuse-de-3-viols-et-17-agressions-sexuelles-le-chatelain-magnetiseur-juge-aux-assises-de-lherault-des-ce-lundi\" target=\"_self\" rel=\"nofollow noopener\">magn\u00e9tiseur <\/a>marseillais Fr\u00e9d\u00e9ric Benard\u00a0a d\u00e9roul\u00e9 pendant trois jours le portrait gla\u00e7ant d\u2019un pr\u00e9dateur sexuel, d\u2019un homme de 64\u00a0ans se pr\u00e9valant d\u2019un \u00ab\u00a0don\u00a0\u00bb pour abuser sexuellement des patientes \u00e0 son domicile de la Pomme, dans les quartiers est de Marseille. Un cabinet improvis\u00e9 dans lequel a d\u00e9fil\u00e9, entre\u00a02015 et\u00a02021, une client\u00e8le de femmes en d\u00e9tresse, apr\u00e8s une interruption m\u00e9dicale de grossesse, avec la peur du cancer, avec le sentiment d\u2019avoir l\u2019\u0153il [\u2026], toutes venues consulter cet autoproclam\u00e9 voyant et gu\u00e9risseur en esp\u00e9rant un soulagement.<\/p>\n<p>\u00c0 d\u00e9faut, elles s\u2019\u00e9taient retrouv\u00e9es allong\u00e9es sur sa table de \u00ab\u00a0soins\u00a0\u00bb, fortement incit\u00e9es \u00e0 se d\u00e9nuder, puis viol\u00e9es digitalement, ou m\u00eame, \u00e0 l\u2019aide d\u2019un crucifix. Des agressions s\u2019accompagnant parfois de crachats et toujours d\u2019une intense pression psychologique pour que les victimes, sous son emprise, reviennent se \u00ab\u00a0faire nettoyer en passant par le bas\u00a0\u00bb afin qu\u2019il \u00ab\u00a0chasse le mal en elles\u2026\u00a0\u00bb<\/p>\n<p>\u00ab\u00a0Il m\u2019appelait son esclave\u00a0\u00bb<\/p>\n<p>\u00ab\u00a0J\u2019\u00e9tais dans une frayeur totale, gouroutis\u00e9e\u00a0\u00bb, \u00ab\u00a0j\u2019\u00e9tais comme un robot\u00a0\u00bb, \u00ab\u00a0il m\u2019appelait son esclave\u00a0\u00bb t\u00e9moigneront l\u2019une apr\u00e8s l\u2019autre&#8230;<\/p>\n","protected":false},"excerpt":{"rendered":"Dans la froideur du huis clos obtenu par l\u2019avocat d\u2019une des victimes, le proc\u00e8s du magn\u00e9tiseur marseillais Fr\u00e9d\u00e9ric&hellip;\n","protected":false},"author":2,"featured_media":1158244,"comment_status":"","ping_status":"","sticky":false,"template":"","format":"standard","meta":{"footnotes":"","_share_on_mastodon":"0"},"categories":[2814],"tags":[25969,5734,1111,11,118873,8652,1777,674,274,1011,27,14143,117624,884,12,882,15128,25],"class_list":["post-1158243","post","type-post","status-publish","format-standard","has-post-thumbnail","category-marseille","tag-13-ans","tag-5734","tag-actu","tag-actualites","tag-benard","tag-condamne","tag-eu","tag-europe","tag-faits-divers-justice","tag-fr","tag-france","tag-frederic","tag-lexorciste","tag-marseille","tag-news","tag-provence-alpes-cote-dazur","tag-reclusion","tag-republique-francaise"],"share_on_mastodon":{"url":"https:\/\/pubeurope.com\/@fr\/117187263022986403","error":""},"_links":{"self":[{"href":"https:\/\/www.europesays.com\/fr\/wp-json\/wp\/v2\/posts\/1158243","targetHints":{"allow":["GET"]}}],"collection":[{"href":"https:\/\/www.europesays.com\/fr\/wp-json\/wp\/v2\/posts"}],"about":[{"href":"https:\/\/www.europesays.com\/fr\/wp-json\/wp\/v2\/types\/post"}],"author":[{"embeddable":true,"href":"https:\/\/www.europesays.com\/fr\/wp-json\/wp\/v2\/users\/2"}],"replies":[{"embeddable":true,"href":"https:\/\/www.europesays.com\/fr\/wp-json\/wp\/v2\/comments?post=1158243"}],"version-history":[{"count":0,"href":"https:\/\/www.europesays.com\/fr\/wp-json\/wp\/v2\/posts\/1158243\/revisions"}],"wp:featuredmedia":[{"embeddable":true,"href":"https:\/\/www.europesays.com\/fr\/wp-json\/wp\/v2\/media\/1158244"}],"wp:attachment":[{"href":"https:\/\/www.europesays.com\/fr\/wp-json\/wp\/v2\/media?parent=1158243"}],"wp:term":[{"taxonomy":"category","embeddable":true,"href":"https:\/\/www.europesays.com\/fr\/wp-json\/wp\/v2\/categories?post=1158243"},{"taxonomy":"post_tag","embeddable":true,"href":"https:\/\/www.europesays.com\/fr\/wp-json\/wp\/v2\/tags?post=1158243"}],"curies":[{"name":"wp","href":"https:\/\/api.w.org\/{rel}","templated":true}]}}