{"id":1158247,"date":"2026-08-31T00:22:18","date_gmt":"2026-08-31T00:22:18","guid":{"rendered":"https:\/\/www.europesays.com\/fr\/1158247\/"},"modified":"2026-08-31T00:22:18","modified_gmt":"2026-08-31T00:22:18","slug":"lyon-des-riverains-evacues-en-urgence-dun-immeuble-menace-deffondrement-a-la-croix-rousse","status":"publish","type":"post","link":"https:\/\/www.europesays.com\/fr\/1158247\/","title":{"rendered":"Lyon : des riverains \u00e9vacu\u00e9s en urgence d\u2019un immeuble menac\u00e9 d\u2019effondrement \u00e0 la Croix-Rousse"},"content":{"rendered":"<p itemprop=\"description\"><strong>Un immeuble du 4e arrondissement de Lyon a \u00e9t\u00e9 \u00e9vacu\u00e9 en urgence samedi soir apr\u00e8s la chute de morceaux de fa\u00e7ade et l\u2019affaissement d\u2019un plancher. Dix-sept personnes ont d\u00fb quitter les lieux et un arr\u00eat\u00e9 de p\u00e9ril a \u00e9t\u00e9 pris.<\/strong><\/p>\n<p>L\u2019alerte a \u00e9t\u00e9 donn\u00e9e samedi 29 ao\u00fbt dans la soir\u00e9e, au 20 rue Valentin-Couturier, \u00e0 la Croix-Rousse.<\/p>\n<p>Des morceaux de corniche se sont d\u00e9tach\u00e9s de la fa\u00e7ade tandis que le sol d\u2019un appartement situ\u00e9 au 4e \u00e9tage s\u2019est brusquement affaiss\u00e9.<\/p>\n<p>Les pompiers et les services de la Ville de Lyon sont rapidement intervenus. Face au risque d\u2019effondrement, les 17 personnes pr\u00e9sentes dans l\u2019immeuble ont \u00e9t\u00e9 \u00e9vacu\u00e9es.<\/p>\n<p>Une famille de trois personnes a \u00e9t\u00e9 relog\u00e9e par la municipalit\u00e9. Les autres occupants ont trouv\u00e9 une solution par leurs propres moyens.<\/p>\n<p>L\u2019acc\u00e8s totalement interdit<\/p>\n<p>La Ville a pris un arr\u00eat\u00e9 de p\u00e9ril interdisant l\u2019acc\u00e8s au b\u00e2timent. Des rubalises ont \u00e9t\u00e9 install\u00e9es \u00e0 l\u2019entr\u00e9e et un vigile veille \u00e0 emp\u00eacher toute intrusion.<\/p>\n<p>Les causes pr\u00e9cises de ces d\u00e9sordres n\u2019ont pas encore \u00e9t\u00e9 \u00e9tablies.<\/p>\n","protected":false},"excerpt":{"rendered":"Un immeuble du 4e arrondissement de Lyon a \u00e9t\u00e9 \u00e9vacu\u00e9 en urgence samedi soir apr\u00e8s la chute de&hellip;\n","protected":false},"author":2,"featured_media":1158248,"comment_status":"","ping_status":"","sticky":false,"template":"","format":"standard","meta":{"footnotes":"","_share_on_mastodon":"0"},"categories":[1889],"tags":[1111,11,2813,2190,2430,1109,251,1112,2811,1777,674,118,1011,27,1922,1110,1114,2428,2810,12,241,316,25,2812,517,800],"class_list":["post-1158247","post","type-post","status-publish","format-standard","has-post-thumbnail","category-lyon","tag-actu","tag-actualites","tag-article","tag-asvel","tag-auvergne-rhone-alpes","tag-breves","tag-culture","tag-depeches","tag-economique","tag-eu","tag-europe","tag-faits-divers","tag-fr","tag-france","tag-info","tag-informations","tag-infos","tag-lyon","tag-lyonmag","tag-news","tag-ol","tag-politique","tag-republique-francaise","tag-sociale","tag-sport","tag-transports"],"share_on_mastodon":{"url":"https:\/\/pubeurope.com\/@fr\/117187270818083642","error":""},"_links":{"self":[{"href":"https:\/\/www.europesays.com\/fr\/wp-json\/wp\/v2\/posts\/1158247","targetHints":{"allow":["GET"]}}],"collection":[{"href":"https:\/\/www.europesays.com\/fr\/wp-json\/wp\/v2\/posts"}],"about":[{"href":"https:\/\/www.europesays.com\/fr\/wp-json\/wp\/v2\/types\/post"}],"author":[{"embeddable":true,"href":"https:\/\/www.europesays.com\/fr\/wp-json\/wp\/v2\/users\/2"}],"replies":[{"embeddable":true,"href":"https:\/\/www.europesays.com\/fr\/wp-json\/wp\/v2\/comments?post=1158247"}],"version-history":[{"count":0,"href":"https:\/\/www.europesays.com\/fr\/wp-json\/wp\/v2\/posts\/1158247\/revisions"}],"wp:featuredmedia":[{"embeddable":true,"href":"https:\/\/www.europesays.com\/fr\/wp-json\/wp\/v2\/media\/1158248"}],"wp:attachment":[{"href":"https:\/\/www.europesays.com\/fr\/wp-json\/wp\/v2\/media?parent=1158247"}],"wp:term":[{"taxonomy":"category","embeddable":true,"href":"https:\/\/www.europesays.com\/fr\/wp-json\/wp\/v2\/categories?post=1158247"},{"taxonomy":"post_tag","embeddable":true,"href":"https:\/\/www.europesays.com\/fr\/wp-json\/wp\/v2\/tags?post=1158247"}],"curies":[{"name":"wp","href":"https:\/\/api.w.org\/{rel}","templated":true}]}}