{"id":115825,"date":"2025-05-21T02:56:17","date_gmt":"2025-05-21T02:56:17","guid":{"rendered":"https:\/\/www.europesays.com\/fr\/115825\/"},"modified":"2025-05-21T02:56:17","modified_gmt":"2025-05-21T02:56:17","slug":"la-ville-de-paris-lance-un-plan-de-lutte-contre-les-4-a-5-millions-de-megots-jetes-chaque-jour","status":"publish","type":"post","link":"https:\/\/www.europesays.com\/fr\/115825\/","title":{"rendered":"La ville de Paris lance un plan de lutte contre les 4 \u00e0 5 millions de m\u00e9gots jet\u00e9s chaque jour"},"content":{"rendered":"<p>La municipalit\u00e9 met en avant le co\u00fbt pour la collectivit\u00e9, estim\u00e9 \u00e0 10 millions d\u2019euros par an, ainsi que l\u2019enjeu environnemental.<\/p>\n<p class=\"fig-paragraph\">La mairie de Paris souhaite en finir avec les m\u00e9gots. Entre sensibilisation, am\u00e9nagement du mobilier urbain et r\u00e9pression, la ville de Paris lance un plan de lutte<a href=\"https:\/\/www.lefigaro.fr\/actualite-france\/oui-des-millions-de-megots-sont-jetes-chaque-jour-dans-paris-20190609\" data-fig-type=\"Article\" data-gtm-custom-categorie=\"navigation\" data-gtm-custom-action=\"crossclick\" data-gtm-custom-label=\"Contextuel\" data-gtm-event=\"customEventSPE\" data-fig-domain=\"LEFIGARO\" target=\"_blank\" rel=\"noopener\">\u00a0contre les m\u00e9gots<\/a>\u00a0afin que ses agents de propret\u00e9 n&rsquo;aient plus \u00e0 en ramasser 4 \u00e0 5 millions chaque jour.<\/p>\n<p class=\"fig-paragraph\">\u00ab60% des cigarettes fum\u00e9es dans l&rsquo;espace public finissent par terre\u00bb, rappelle ce mardi la municipalit\u00e9 dans un communiqu\u00e9 annon\u00e7ant son plan anti-m\u00e9gots. Elle met en avant un double enjeu \u00e9conomique, avec \u00abun co\u00fbt pour la collectivit\u00e9 estim\u00e9 \u00e0 10 millions d&rsquo;euros par an\u00bb, et environnemental, \u00abun seul m\u00e9got contenant 4000 substances chimiques et pouvant polluer jusqu&rsquo;\u00e0 500 litres d&rsquo;eau\u00bb. Cette chasse aux m\u00e9gots, qui s&rsquo;inscrit dans un plan plus large de r\u00e9duction des d\u00e9chets dans la capitale, comprend dix mesures.<\/p>\n<p class=\"fig-paragraph\">Parmi elles, la distribution gratuite de 400.000 cendriers de poche, l&rsquo;installation de nouveaux \u00e9teignoirs sur les poubelles, davantage de \u00abcendriers sondages\u00bb ou le soutien aux nettoyages participatifs. Les caf\u00e9s et restaurants disposant de terrasses ouvertes seront \u00e9galement incit\u00e9s \u00e0 mettre des cendriers \u00e0 disposition de leurs clients et la police municipale continuera \u00e0 verbaliser d&rsquo;une amende de 135 euros les fumeurs pris en flagrant d\u00e9lit de jet de m\u00e9gots.<\/p>\n","protected":false},"excerpt":{"rendered":"La municipalit\u00e9 met en avant le co\u00fbt pour la collectivit\u00e9, estim\u00e9 \u00e0 10 millions d\u2019euros par an, ainsi&hellip;\n","protected":false},"author":2,"featured_media":115826,"comment_status":"","ping_status":"","sticky":false,"template":"","format":"standard","meta":{"footnotes":""},"categories":[1888],"tags":[1111,1928,339,11,1927,340,343,345,6583,350,130,344,352,349,33,341,313,436,1777,674,1011,27,346,342,353,351,347,12,1926,626,1925,348,25,354],"class_list":{"0":"post-115825","1":"post","2":"type-post","3":"status-publish","4":"format-standard","5":"has-post-thumbnail","7":"category-paris","8":"tag-actu","9":"tag-actu-paris","10":"tag-actualite-economique","11":"tag-actualites","12":"tag-actualites-paris","13":"tag-bourse","14":"tag-cac-40","15":"tag-chef-dentreprise","16":"tag-cigarette","17":"tag-concurrence","18":"tag-consommation","19":"tag-creation-dentreprise","20":"tag-crise","21":"tag-delocalisations","22":"tag-economie","23":"tag-emploi","24":"tag-entreprises","25":"tag-environnement","26":"tag-eu","27":"tag-europe","28":"tag-fr","29":"tag-france","30":"tag-grands-patrons","31":"tag-impots","32":"tag-licenciements","33":"tag-monopole","34":"tag-multinationales","35":"tag-news","36":"tag-news-paris","37":"tag-paris","38":"tag-paris-news","39":"tag-privatisation","40":"tag-republique-francaise","41":"tag-unio"},"share_on_mastodon":{"url":"","error":"Validation failed: Text character limit of 500 exceeded"},"_links":{"self":[{"href":"https:\/\/www.europesays.com\/fr\/wp-json\/wp\/v2\/posts\/115825","targetHints":{"allow":["GET"]}}],"collection":[{"href":"https:\/\/www.europesays.com\/fr\/wp-json\/wp\/v2\/posts"}],"about":[{"href":"https:\/\/www.europesays.com\/fr\/wp-json\/wp\/v2\/types\/post"}],"author":[{"embeddable":true,"href":"https:\/\/www.europesays.com\/fr\/wp-json\/wp\/v2\/users\/2"}],"replies":[{"embeddable":true,"href":"https:\/\/www.europesays.com\/fr\/wp-json\/wp\/v2\/comments?post=115825"}],"version-history":[{"count":0,"href":"https:\/\/www.europesays.com\/fr\/wp-json\/wp\/v2\/posts\/115825\/revisions"}],"wp:featuredmedia":[{"embeddable":true,"href":"https:\/\/www.europesays.com\/fr\/wp-json\/wp\/v2\/media\/115826"}],"wp:attachment":[{"href":"https:\/\/www.europesays.com\/fr\/wp-json\/wp\/v2\/media?parent=115825"}],"wp:term":[{"taxonomy":"category","embeddable":true,"href":"https:\/\/www.europesays.com\/fr\/wp-json\/wp\/v2\/categories?post=115825"},{"taxonomy":"post_tag","embeddable":true,"href":"https:\/\/www.europesays.com\/fr\/wp-json\/wp\/v2\/tags?post=115825"}],"curies":[{"name":"wp","href":"https:\/\/api.w.org\/{rel}","templated":true}]}}