{"id":1158251,"date":"2026-08-31T00:25:16","date_gmt":"2026-08-31T00:25:16","guid":{"rendered":"https:\/\/www.europesays.com\/fr\/1158251\/"},"modified":"2026-08-31T00:25:16","modified_gmt":"2026-08-31T00:25:16","slug":"paris-et-ile-de-france-quelles-perturbations-prevoir-pour-la-ratp-et-la-sncf-cette-semaine-31","status":"publish","type":"post","link":"https:\/\/www.europesays.com\/fr\/1158251\/","title":{"rendered":"Paris et \u00cele-de-France\u00a0: Quelles perturbations pr\u00e9voir pour la RATP et la SNCF cette semaine\u00a0?"},"content":{"rendered":"<p>Les travaux d\u2019\u00e9t\u00e9 ont pris fin sur les lignes SNCF et RATP mais les perturbations se poursuivent dans les transports \u00e0 Paris et en \u00cele-de-France en cette semaine de rentr\u00e9e. Voici les changements afin de mieux anticiper vos d\u00e9placements dans la capitale et sa r\u00e9gion, en tramway, en Transilien ou encore en RER.<\/p>\n<p>Les perturbations SNCF et RATP sur les lignes de Paris et en \u00cele-de-France du 31\u00a0ao\u00fbt au 6\u00a0septembre 2026M\u00e9tro<\/p>\n<ul>\n<li>Ligne 6\u00a0: le 6\u00a0septembre, le trafic est interrompu sur toute la ligne (travaux).<\/li>\n<li>Ligne 8\u00a0: jusqu\u2019au 22\u00a0avril 2027 inclus, l\u2019arr\u00eat ne sera pas desservi \u00e0 R\u00e9publique (travaux).<\/li>\n<\/ul>\n<p>RER<\/p>\n<ul>\n<li>RER B\u00a0: du 31\u00a0ao\u00fbt au 9\u00a0septembre inclus, du lundi au vendredi \u00e0 partir de 22\u00a0: 45, le trafic est interrompu entre Ch\u00e2telet \u2013 Les Halles et A\u00e9roport Charles de Gaulle 2 \u2013 TGV \u2022 Mitry \u2013 Claye (travaux).<\/li>\n<li>RER C\u00a0: jusqu\u2019au 4\u00a0septembre inclus, du lundi au vendredi \u00e0 partir de 23\u00a0: 15, le trafic sera interrompu entre Saint-Quentin en Yvelines \u2013 Montigny-le-Bretonneux et Javel, et entre Versailles Ch\u00e2teau Rive Gauche et Javel (travaux). Jusqu\u2019au 4\u00a0septembre inclus, du lundi au vendredi \u00e0 partir de 23\u00a0: 00, le trafic sera interrompu entre Saint-Martin d\u2019\u00c9tampes et Br\u00e9tigny (travaux). Jusqu\u2019au 18\u00a0septembre inclus, du lundi au vendredi \u00e0 partir de 23\u00a0: 00, le trafic est interrompu entre Pont de Rungis A\u00e9roport d\u2019Orly et Choisy-le-Roi (travaux). Jusqu\u2019au 4\u00a0septembre inclus, du lundi au vendredi \u00e0 partir de 22\u00a0: 20, le trafic est interrompu entre Dourdan la For\u00eat et Br\u00e9tigny (travaux). Jusqu\u2019au 4\u00a0septembre inclus, du lundi au vendredi \u00e0 partir de 23\u00a0: 00, le trafic est interrompu entre Gare d\u2019Austerlitz et Juvisy (travaux). Jusqu\u2019au 4\u00a0septembre inclus, du lundi au vendredi \u00e0 partir de 22\u00a0: 20, le trafic est interrompu entre Dourdan la For\u00eat et Br\u00e9tigny (travaux). Jusqu\u2019au 18\u00a0septembre inclus, du lundi au vendredi \u00e0 partir de 22\u00a0: 00, le trafic sera interrompu entre Massy \u2013 Palaiseau et Choisy-le-Roi (travaux). Du 5\u00a0septembre au 6\u00a0septembre inclus, le trafic est interrompu entre Gare d\u2019Austerlitz et Massy \u2013 Palaiseau (travaux). Du 5\u00a0septembre au 6\u00a0septembre inclus, le trafic sera interrompu entre Pontoise et Champ de Mars Tour Eiffel (travaux). Le 6 septembre \u00e0 partir de 23\u00a0: 00, le trafic est interrompu entre Gare d\u2019Austerlitz et Dourdan la For\u00eat (travaux). Le 6 septembre \u00e0 partir de 23\u00a0: 00, le trafic est interrompu entre Gare d\u2019Austerlitz et Saint-Martin d\u2019\u00c9tampes (travaux).<\/li>\n<li>RER D\u00a0: jusqu\u2019au 21\u00a0septembre inclus, l\u2019offre de transport sera adapt\u00e9e sur toute la ligne (capacit\u00e9 de maintenance des trains temporairement r\u00e9duite). Du 31\u00a0ao\u00fbt au 18\u00a0septembre inclus, du lundi au vendredi \u00e0 partir de 19\u00a0: 50, le trafic est interrompu entre Melun et Combs-la-Ville \u2013 Quincy (travaux). Du 31\u00a0ao\u00fbt au 18\u00a0septembre inclus, du lundi au vendredi \u00e0 partir de 23\u00a0: 15, le trafic sera interrompu entre Gare du Nord et <a href=\"https:\/\/www.20minutes.fr\/dossier\/gare_de_lyon\" class=\"c-link c-link--is-underlined\" rel=\"nofollow noopener\" target=\"_blank\">Gare de Lyon<\/a> (travaux). Du 31\u00a0ao\u00fbt au 25\u00a0septembre inclus, du lundi au vendredi \u00e0 partir de 23\u00a0: 35, le trafic est interrompu entre Creil et <a href=\"https:\/\/www.20minutes.fr\/dossier\/gare_du_nord\" class=\"c-link c-link--is-underlined\" rel=\"nofollow noopener\" target=\"_blank\">Gare du Nord<\/a> (travaux). Du 31\u00a0ao\u00fbt au 18\u00a0septembre inclus, du lundi au vendredi \u00e0 partir de 23\u00a0: 50, le trafic sera interrompu entre Juvisy et <a href=\"https:\/\/www.20minutes.fr\/dossier\/corbeil-essonnes\" class=\"c-link c-link--is-underlined\" rel=\"nofollow noopener\" target=\"_blank\">Corbeil-Essonnes<\/a> via Ris-Orangis (travaux). Du 4\u00a0septembre \u00e0 03\u00a0: 00 au 6\u00a0septembre \u00e0 03\u00a0: 00, le trafic sera interrompu entre Creil et Stade de France Saint-Denis (travaux).<\/li>\n<li>RER E\u00a0: jusqu\u2019au 4\u00a0septembre inclus, du lundi au vendredi \u00e0 partir de 22\u00a0: 45, le trafic sera interrompu entre Nanterre-La-Folie et Chelles \u2013 Gournay (travaux). Du 29\u00a0ao\u00fbt au 6\u00a0septembre inclus, le week-end d\u00e8s 22\u00a0: 45, le trafic est interrompu entre Chelles \u2013 Gournay et Nanterre-La-Folie (travaux).<\/li>\n<\/ul>\n<p>Transilien<\/p>\n<ul>\n<li>Ligne H\u00a0: jusqu\u2019au 9\u00a0octobre inclus, du lundi au vendredi d\u00e8s 21\u00a0: 00, le trafic est interrompu entre Sarcelles \u2013 Saint-Brice et Luzarches \u2022 Persan \u2013 Beaumont (travaux). Du 31\u00a0ao\u00fbt au 18\u00a0septembre inclus, du lundi au vendredi d\u00e8s 23\u00a0: 35, le trafic est interrompu entre Ermont \u2013 Eaubonne et Pontoise.<\/li>\n<li>Ligne J\u00a0: jusqu\u2019au 6\u00a0septembre inclus, le week-end, le trafic sera interrompu entre Conflans-Sainte-Honorine et Mantes-la-Jolie (travaux). Jusqu\u2019au 4\u00a0septembre inclus, du lundi au vendredi d\u00e8s 21\u00a0: 45, le trafic sera interrompu entre Ermont \u2013 Eaubonne et Gare Saint-Lazare (travaux). Jusqu\u2019au 4\u00a0septembre inclus, du lundi au vendredi de 22\u00a0: 40 \u00e0 03\u00a0: 00, le trafic sera interrompu entre Gare Saint-Lazare et Conflans-Sainte-Honorine (travaux). Jusqu\u2019au 4\u00a0septembre inclus, du lundi au vendredi de 21\u00a0: 40 \u00e0 03\u00a0: 00, le trafic sera interrompu entre Gare Saint-Lazare et Mantes-la-Jolie, et entre <a href=\"https:\/\/www.20minutes.fr\/dossier\/gare_saint_lazare-1\" class=\"c-link c-link--is-underlined\" rel=\"nofollow noopener\" target=\"_blank\">Gare Saint-Lazare<\/a> et Conflans-Sainte-Honorine (travaux). Jusqu\u2019au 5\u00a0septembre inclus, l\u2019offre de transport sera adapt\u00e9e sur les axes Conflans-Sainte-Honorine et Les Mureaux (trains retenus en atelier pour une maintenance prolong\u00e9e).<\/li>\n<li>Ligne L\u00a0: jusqu\u2019au 11\u00a0septembre inclus, du lundi au vendredi de 22\u00a0: 45 \u00e0 03\u00a0: 00, le trafic sera interrompu entre B\u00e9con les Bruy\u00e8res et Maisons-Laffitte (travaux).<\/li>\n<li>Ligne N\u00a0: du 31\u00a0ao\u00fbt au 4\u00a0septembre inclus, du lundi au vendredi \u00e0 partir de 21\u00a0: 55, le trafic est interrompu entre Gare Montparnasse et Dreux (travaux). Du 31\u00a0ao\u00fbt au 4\u00a0septembre inclus, du lundi au vendredi \u00e0 partir de 22\u00a0: 00, le trafic est interrompu entre Gare Montparnasse et Mantes-la-Jolie (travaux). Du 31\u00a0ao\u00fbt au 4\u00a0septembre inclus, du lundi au vendredi \u00e0 partir de 22\u00a0: 30, le trafic sera interrompu entre Gare Montparnasse et Rambouillet (travaux). Du 31\u00a0ao\u00fbt au 4\u00a0septembre inclus, du lundi au vendredi \u00e0 partir de 23\u00a0: 30, le trafic sera interrompu de Gare Montparnasse vers Versailles Chantiers (travaux). Du 1er\u00a0septembre au 25\u00a0septembre inclus, du lundi au vendredi d\u00e8s 22\u00a0: 41, le trafic est interrompu entre <a href=\"https:\/\/www.20minutes.fr\/dossier\/gare-montparnasse\" class=\"c-link c-link--is-underlined\" rel=\"nofollow noopener\" target=\"_blank\">Gare Montparnasse<\/a> et Plaisir \u2013 Grignon (travaux).<\/li>\n<li>Ligne P\u00a0: jusqu\u2019au 6\u00a0septembre inclus, le week-end de 22\u00a0: 30 \u00e0 02\u00a0: 00, le trafic sera interrompu entre Gare de l\u2019Est et Ch\u00e2teau-Thierry (travaux). Jusqu\u2019au 4\u00a0septembre inclus, du lundi au vendredi \u00e0 partir de 20\u00a0: 10, le trafic sera interrompu entre Gare de l\u2019Est et Coulommiers (travaux). Jusqu\u2019au 4\u00a0septembre inclus, du lundi au vendredi \u00e0 partir de 21\u00a0: 45, le trafic est interrompu entre Gare de l\u2019Est et Provins (travaux). Du 31\u00a0ao\u00fbt au 16\u00a0octobre inclus, du lundi au vendredi \u00e0 partir de 21\u00a0: 30, le trafic sera interrompu entre Gare de l\u2019Est et Ch\u00e2teau-Thierry (travaux). Du 31\u00a0ao\u00fbt au 18\u00a0septembre inclus, du lundi au vendredi d\u00e8s 21\u00a0: 50, le trafic est interrompu entre Gare de l\u2019Est et Meaux (travaux). Du 5\u00a0septembre au 6\u00a0septembre jusqu\u2019\u00e0 16\u00a0: 30, le trafic sera interrompu entre Lagny \u2013 Thorigny et <a href=\"https:\/\/www.20minutes.fr\/dossier\/meaux\" class=\"c-link c-link--is-underlined\" rel=\"nofollow noopener\" target=\"_blank\">Meaux<\/a> (travaux).<\/li>\n<li>Ligne R\u00a0: du 31\u00a0ao\u00fbt au 4\u00a0septembre inclus, du lundi au vendredi de 10\u00a0: 30 \u00e0 15\u00a0: 30, le trafic est interrompu entre Melun et Montereau via H\u00e9ricy (travaux). Du 31\u00a0ao\u00fbt au 18\u00a0septembre inclus, du lundi au vendredi \u00e0 partir de 22\u00a0: 00, le trafic sera interrompu entre Melun et Montargis (travaux). Du 5\u00a0septembre au 13\u00a0septembre inclus, le <a href=\"https:\/\/www.20minutes.fr\/dossier\/week-end\" class=\"c-link c-link--is-underlined\" rel=\"nofollow noopener\" target=\"_blank\">week-end<\/a>, le trafic est interrompu entre <a href=\"https:\/\/www.20minutes.fr\/dossier\/melun\" class=\"c-link c-link--is-underlined\" rel=\"nofollow noopener\" target=\"_blank\">Melun<\/a> et Montargis (travaux).<\/li>\n<li>Ligne U\u00a0: du 1er\u00a0septembre au 4\u00a0septembre inclus, du lundi au vendredi \u00e0 partir de 21\u00a0: 20, le trafic sera interrompu entre La D\u00e9fense et La Verri\u00e8re (travaux).<\/li>\n<\/ul>\n","protected":false},"excerpt":{"rendered":"Les travaux d\u2019\u00e9t\u00e9 ont pris fin sur les lignes SNCF et RATP mais les perturbations se poursuivent dans&hellip;\n","protected":false},"author":2,"featured_media":1158252,"comment_status":"","ping_status":"","sticky":false,"template":"","format":"standard","meta":{"footnotes":"","_share_on_mastodon":"0"},"categories":[1592],"tags":[1111,11,1936,1777,674,1011,27,3314,662,12,626,625,1306,25,12396,17235,6561,1937,1945,2215,2292],"class_list":["post-1158251","post","type-post","status-publish","format-standard","has-post-thumbnail","category-ile-de-france","tag-actu","tag-actualites","tag-essonne","tag-eu","tag-europe","tag-fr","tag-france","tag-hauts-de-seine","tag-ile-de-france","tag-news","tag-paris","tag-ratp","tag-regions","tag-republique-francaise","tag-rer","tag-rer-b","tag-rer-c","tag-seine-et-marne","tag-seine-saint-denis","tag-sncf","tag-val-doise"],"share_on_mastodon":{"url":"https:\/\/pubeurope.com\/@fr\/117187282671754461","error":""},"_links":{"self":[{"href":"https:\/\/www.europesays.com\/fr\/wp-json\/wp\/v2\/posts\/1158251","targetHints":{"allow":["GET"]}}],"collection":[{"href":"https:\/\/www.europesays.com\/fr\/wp-json\/wp\/v2\/posts"}],"about":[{"href":"https:\/\/www.europesays.com\/fr\/wp-json\/wp\/v2\/types\/post"}],"author":[{"embeddable":true,"href":"https:\/\/www.europesays.com\/fr\/wp-json\/wp\/v2\/users\/2"}],"replies":[{"embeddable":true,"href":"https:\/\/www.europesays.com\/fr\/wp-json\/wp\/v2\/comments?post=1158251"}],"version-history":[{"count":0,"href":"https:\/\/www.europesays.com\/fr\/wp-json\/wp\/v2\/posts\/1158251\/revisions"}],"wp:featuredmedia":[{"embeddable":true,"href":"https:\/\/www.europesays.com\/fr\/wp-json\/wp\/v2\/media\/1158252"}],"wp:attachment":[{"href":"https:\/\/www.europesays.com\/fr\/wp-json\/wp\/v2\/media?parent=1158251"}],"wp:term":[{"taxonomy":"category","embeddable":true,"href":"https:\/\/www.europesays.com\/fr\/wp-json\/wp\/v2\/categories?post=1158251"},{"taxonomy":"post_tag","embeddable":true,"href":"https:\/\/www.europesays.com\/fr\/wp-json\/wp\/v2\/tags?post=1158251"}],"curies":[{"name":"wp","href":"https:\/\/api.w.org\/{rel}","templated":true}]}}