{"id":1158265,"date":"2026-08-31T00:34:20","date_gmt":"2026-08-31T00:34:20","guid":{"rendered":"https:\/\/www.europesays.com\/fr\/1158265\/"},"modified":"2026-08-31T00:34:20","modified_gmt":"2026-08-31T00:34:20","slug":"etats-unis-un-polemiste-britannique-dextreme-droite-favorable-a-laction-de-la-police-de-limmigration-expulse-par-lice","status":"publish","type":"post","link":"https:\/\/www.europesays.com\/fr\/1158265\/","title":{"rendered":"\u00c9tats-Unis : un pol\u00e9miste britannique d&rsquo;extr\u00eame droite favorable \u00e0 l&rsquo;action de la police de l&rsquo;immigration&#8230; expuls\u00e9 par l&rsquo;ICE"},"content":{"rendered":"<ul class=\"jsx-25100651 ArticleChapo__List\">\n<li class=\"jsx-25100651 ArticleChapo__List_Item flex\">Milo Yiannopoulos a \u00e9t\u00e9 expuls\u00e9 vers le Royaume-Uni, son pays d&rsquo;origine, a annonc\u00e9 samedi 29 ao\u00fbt l&rsquo;administration am\u00e9ricaine.<\/li>\n<li class=\"jsx-25100651 ArticleChapo__List_Item flex\">Ce pol\u00e9miste d&rsquo;extr\u00eame droite, fervent d\u00e9fenseur de l&rsquo;action de la police de l&rsquo;immigration (ICE) aux \u00c9tats-Unis, avait d\u00e9pass\u00e9 sa dur\u00e9e de s\u00e9jour autoris\u00e9e.<\/li>\n<\/ul>\n<p id=\"body-_R_17t7pm_-block-6\" data-module=\"article-paragraph\" class=\"jsx-2921227388 Paragraph Paragraph__End\">Milo Yiannopoulos expuls\u00e9 vers le Royaume-Uni. Le pol\u00e9miste d&rsquo;extr\u00eame droite a \u00e9t\u00e9 appr\u00e9hend\u00e9 jeudi 27 ao\u00fbt \u00e0 l&rsquo;a\u00e9roport international Louis-Armstrong de La Nouvelle-Orl\u00e9ans, en Louisiane. Le lendemain, il a \u00e9t\u00e9 renvoy\u00e9 en dehors du pays par la police am\u00e9ricaine de l&rsquo;immigration (<a href=\"https:\/\/www.tf1info.fr\/international\/video-l-emotion-est-considerable-aux-etats-unis-la-police-de-l-immigration-fait-encore-scandale-2453421.html\" rel=\"nofollow noopener\" target=\"_blank\">ICE<\/a>), indique le minist\u00e8re am\u00e9ricain de la S\u00e9curit\u00e9 int\u00e9rieure, dans un communiqu\u00e9 transmis \u00e0 l&rsquo;AFP. Selon cette m\u00eame source, l&rsquo;int\u00e9ress\u00e9 \u00e9tait entr\u00e9 l\u00e9galement aux \u00c9tats-Unis le 14 mai 2019. Mais il avait d\u00e9pass\u00e9 sa dur\u00e9e de s\u00e9jour autoris\u00e9e et s&rsquo;\u00e9tait vu d\u00e9livrer le 22 juillet un ordre final d&rsquo;expulsion, faute de s&rsquo;\u00eatre pr\u00e9sent\u00e9 \u00e0 une audience sur son statut.\u00a0<\/p>\n<p><a href=\"https:\/\/www.tf1info.fr\/international\/etats-unis-les-agents-de-la-police-de-l-immigration-seront-bientot-equipes-de-gants-a-decharge-electrique-2459054.html\" rel=\"nofollow noopener\" class=\"jsx-958316424 Link flex\" target=\"_blank\"><img decoding=\"async\" src=\"https:\/\/www.europesays.com\/fr\/wp-content\/uploads\/2026\/08\/ice-agents-usa-resize-f3f30c-0@1x.jpeg\" alt=\"Des agents de l'ICE (Immigration and Customs Enforcement) marchent devant le Centre administratif du comt\u00e9 de Ventura, \u00e0 Ventura, en Californie, le 27 juillet 2026. \" loading=\"lazy\" importance=\"low\" fetchpriority=\"low\" class=\"\" copyright=\"Blake Fagan \/ AFP\" aria-hidden=\"true\"\/><\/p>\n<p class=\"jsx-4054529586 ReadMoreArticle__Title\">Lire aussi<\/p>\n<p class=\"jsx-4054529586\">Aux \u00c9tats-Unis, les agents de la police de l&rsquo;immigration seront bient\u00f4t \u00e9quip\u00e9s de gants \u00e0 d\u00e9charge \u00e9lectrique<\/p>\n<p><\/a><\/p>\n<p id=\"body-_R_17t7pm_-block-9\" data-module=\"article-paragraph\" class=\"jsx-2921227388 Paragraph Paragraph__End\">L&rsquo;ironie de l&rsquo;histoire est que Milo Yiannopoulos a r\u00e9guli\u00e8rement lou\u00e9 l&rsquo;action de l&rsquo;ICE, depuis le retour au pouvoir de Donald Trump. En septembre dernier, il avait m\u00eame appel\u00e9 \u00e0 une \u00ab\u00a0immunit\u00e9 totale\u00a0\u00bb des agents de cette police sp\u00e9ciale, charg\u00e9e de mener l&rsquo;offensive anti-immigration voulue par le pr\u00e9sident am\u00e9ricain, dans l&rsquo;exercice de leurs fonctions.\u00a0Ces derniers mois, l&rsquo;ICE a \u00e9t\u00e9 impliqu\u00e9e, dont les m\u00e9thodes sont jug\u00e9es brutales, a \u00e9t\u00e9 impliqu\u00e9e dans plusieurs bavures.\u00a0<\/p>\n","protected":false},"excerpt":{"rendered":"Milo Yiannopoulos a \u00e9t\u00e9 expuls\u00e9 vers le Royaume-Uni, son pays d&rsquo;origine, a annonc\u00e9 samedi 29 ao\u00fbt l&rsquo;administration am\u00e9ricaine.&hellip;\n","protected":false},"author":2,"featured_media":1158266,"comment_status":"","ping_status":"","sticky":false,"template":"","format":"standard","meta":{"footnotes":"","_share_on_mastodon":"0"},"categories":[1588],"tags":[1111,11,1921,75,73,1777,674,1061,1922,118876,12,473,1853,1851,1850,1852,133,1920],"class_list":["post-1158265","post","type-post","status-publish","format-standard","has-post-thumbnail","category-royaume-uni","tag-actu","tag-actualites","tag-article-video","tag-donald-trump","tag-etats-unis","tag-eu","tag-europe","tag-immigration","tag-info","tag-la-police-de-limmigration-de-donald-trump-de-plus-en-plus-contestee","tag-news","tag-royaume-uni","tag-royaume-uni-de-grande-bretagne-et-dirlande-du-nord","tag-uk","tag-united-kingdom","tag-united-kingdom-of-great-britain-and-northern-ireland","tag-video","tag-video-international"],"share_on_mastodon":{"url":"https:\/\/pubeurope.com\/@fr\/117187319720029697","error":""},"_links":{"self":[{"href":"https:\/\/www.europesays.com\/fr\/wp-json\/wp\/v2\/posts\/1158265","targetHints":{"allow":["GET"]}}],"collection":[{"href":"https:\/\/www.europesays.com\/fr\/wp-json\/wp\/v2\/posts"}],"about":[{"href":"https:\/\/www.europesays.com\/fr\/wp-json\/wp\/v2\/types\/post"}],"author":[{"embeddable":true,"href":"https:\/\/www.europesays.com\/fr\/wp-json\/wp\/v2\/users\/2"}],"replies":[{"embeddable":true,"href":"https:\/\/www.europesays.com\/fr\/wp-json\/wp\/v2\/comments?post=1158265"}],"version-history":[{"count":0,"href":"https:\/\/www.europesays.com\/fr\/wp-json\/wp\/v2\/posts\/1158265\/revisions"}],"wp:featuredmedia":[{"embeddable":true,"href":"https:\/\/www.europesays.com\/fr\/wp-json\/wp\/v2\/media\/1158266"}],"wp:attachment":[{"href":"https:\/\/www.europesays.com\/fr\/wp-json\/wp\/v2\/media?parent=1158265"}],"wp:term":[{"taxonomy":"category","embeddable":true,"href":"https:\/\/www.europesays.com\/fr\/wp-json\/wp\/v2\/categories?post=1158265"},{"taxonomy":"post_tag","embeddable":true,"href":"https:\/\/www.europesays.com\/fr\/wp-json\/wp\/v2\/tags?post=1158265"}],"curies":[{"name":"wp","href":"https:\/\/api.w.org\/{rel}","templated":true}]}}