{"id":1158275,"date":"2026-08-31T00:39:14","date_gmt":"2026-08-31T00:39:14","guid":{"rendered":"https:\/\/www.europesays.com\/fr\/1158275\/"},"modified":"2026-08-31T00:39:14","modified_gmt":"2026-08-31T00:39:14","slug":"en-direct-nouvelles-frappes-americaines-sur-liran-les-gardiens-de-la-revolution-appellent-a-une-punition-en-represailles","status":"publish","type":"post","link":"https:\/\/www.europesays.com\/fr\/1158275\/","title":{"rendered":"EN DIRECT &#8211; Nouvelles frappes am\u00e9ricaines sur l&rsquo;Iran, les Gardiens de la R\u00e9volution appellent \u00e0 \u00abune punition\u00bb en repr\u00e9sailles"},"content":{"rendered":"<ol class=\"m-breadcrumb__list\">\n<li class=\"m-breadcrumb__list__item\"><a href=\"https:\/\/www.rfi.fr\/fr\/\" class=\"m-breadcrumb__list__item__link a-svg a-svg--picto-home\" aria-label=\"Retour \u00e0 l&#039;accueil\" rel=\"nofollow noopener\" target=\"_blank\"><br \/>\n                        Retour \u00e0 l&rsquo;accueil<br \/>\n                    <\/a><\/li>\n<li class=\"m-breadcrumb__list__item\">\/<a href=\"https:\/\/www.rfi.fr\/fr\/moyen-orient\/\" class=\"m-breadcrumb__list__item__link\" rel=\"nofollow noopener\" target=\"_blank\"><br \/>\n                        Moyen-Orient<br \/>\n                    <\/a><\/li>\n<\/ol>\n<p>En cours<\/p>\n<p class=\"t-content__chapo\">\n                        Les \u00c9tats-Unis ont men\u00e9 dimanche 30 ao\u00fbt des frappes sur l&rsquo;\u00eele iranienne de Larak, situ\u00e9e dans le strat\u00e9gique d\u00e9troit d&rsquo;Ormuz, a annonc\u00e9 le Commandement militaire am\u00e9ricain pour le Moyen-Orient, les premi\u00e8res en un mois. Les Gardiens de la R\u00e9volution ont promis des repr\u00e9sailles. Suivez notre direct.        <\/p>\n<p class=\"m-pub-dates\">Publi\u00e9 le : 31\/08\/2026 &#8211; 00:01Modifi\u00e9 le : 31\/08\/2026 &#8211; 01:43<\/p>\n<p><img fetchpriority=\"high\" decoding=\"auto\" src=\"https:\/\/www.europesays.com\/fr\/wp-content\/uploads\/2026\/08\/000-1VW9LG-1.jpg\"   width=\"1024\" height=\"576\" alt=\"Les \u00c9tats-Unis ont indiqu\u00e9 avoir bombard\u00e9 l'\u00eele iranienne de Larak, dans le d\u00e9troit d'Ormuz, le 30 ao\u00fbt 2026. (Image d'illustration)\" loading=\"eager\" class=\"a-img \"\/><\/p>\n<p>                Les \u00c9tats-Unis ont indiqu\u00e9 avoir bombard\u00e9 l&rsquo;\u00eele iranienne de Larak, dans le d\u00e9troit d&rsquo;Ormuz, le 30 ao\u00fbt 2026. (Image d&rsquo;illustration)        \u00a9 Image satellite Maxar Technologies 2020 \/ AFP                                        <\/p>\n<p>                                                                Ce qu&rsquo;il faut retenir : <\/p>\n<p>\u25ba\u00a0L&rsquo;arm\u00e9e am\u00e9ricaine a frapp\u00e9 dimanche 30 ao\u00fbt\u00a0<strong>deux \u200blanceurs iraniens<\/strong> sur l&rsquo;\u00eele iranienne de Larak, a annonc\u00e9 un responsable am\u00e9ricain,<strong> les premi\u00e8res frappes am\u00e9ricaines<\/strong> connues sur \u200bl&rsquo;Iran \u200cdepuis la fin juillet.<\/p>\n<p>\u25ba Selon \u200bles Gardiens de la R\u00e9volution, \u200cl&rsquo;attaque a <strong>tu\u00e9 et bless\u00e9 plusieurs soldats et citoyens<\/strong> et appelle une \u00ab\u00a0r\u00e9ponse et une punition\u00a0\u00bb de \u200cla part de T\u00e9h\u00e9ran, a rapport\u00e9 un m\u00e9dia d&rsquo;\u00c9tat iranien.<\/p>\n<p>                        31\/08\/2026 &#8211; 01:41L&rsquo;arm\u00e9e jordanienne dit avoir intercept\u00e9 huit missiles<\/p>\n<p>L\u2019arm\u00e9e jordanienne a annonc\u00e9 lundi dans un communiqu\u00e9 avoir abattu \u00ab avec succ\u00e8s \u00bb huit missiles ayant p\u00e9n\u00e9tr\u00e9 dans son espace a\u00e9rien, sans en pr\u00e9ciser l\u2019origine. Cette annonce intervient apr\u00e8s que l\u2019Iran a affirm\u00e9 avoir lanc\u00e9 une attaque contre des cibles militaires am\u00e9ricaines en Jordanie.<\/p>\n<p>                        31\/08\/2026 &#8211; 01:06Les Gardiens iraniens disent avoir attaqu\u00e9 des cibles militaires am\u00e9ricaines en Jordanie (m\u00e9dias d&rsquo;\u00c9tat iraniens)<\/p>\n<p>Les Gardiens de la R\u00e9volution iraniens ont indiqu\u00e9 lundi avoir attaqu\u00e9 des cibles militaires am\u00e9ricaines en Jordanie avec des missiles balistiques et des drones, en repr\u00e9sailles aux frappes am\u00e9ricaines sur l&rsquo;\u00eele de Larak. Ces attaques ont vis\u00e9 des installations techniques et de maintenance ainsi que des avions positionn\u00e9s sur deux bases en Jordanie, ont pr\u00e9cis\u00e9 les Gardiens dans un communiqu\u00e9 cit\u00e9 par les m\u00e9dias d&rsquo;\u00c9tat iraniens, avertissant que \u00ab tout acte d&rsquo;hostilit\u00e9 se heurtera \u00e0 des repr\u00e9sailles encore plus puissantes \u00bb.<\/p>\n<p>                        30\/08\/2026 &#8211; 23:38Des morts et des bless\u00e9s dans les frappes am\u00e9ricaines, les Gardiens de la R\u00e9volution appellent \u00e0 des repr\u00e9sailles<\/p>\n<p>Ces frappes ont fait \u00ab\u00a0des morts et des bless\u00e9s \u00bb, ont affirm\u00e9 dans un communiqu\u00e9 les Gardiens de la R\u00e9volution iraniens. En r\u00e9ponse \u00e0 cette \u00ab\u00a0agression \u00bb, des \u00ab\u00a0repr\u00e9sailles \u00bb seront men\u00e9es, ajoutent-ils. Selon les \u00c9tats-Unis, ces frappes ont touch\u00e9 deux lanceurs iraniens sur cette \u00eele, o\u00f9 \u00ab\u00a0des Gardiens de la R\u00e9volution islamique ont \u00e9t\u00e9 observ\u00e9s en train de se pr\u00e9parer \u00e0 lancer des roquettes charg\u00e9es de mines marines. \u00bb<\/p>\n<p>                        30\/08\/2026 &#8211; 23:36Des frappes dans un contexte de \u00abguerre \u00e9conomique\u00bb men\u00e9e par les \u00c9tats-Unis contre l&rsquo;Iran<\/p>\n<p>Ces frappes surviennent alors que les hostilit\u00e9s avaient perdu en intensit\u00e9. Ces derni\u00e8res semaines, l&rsquo;administration Trump avait privil\u00e9gi\u00e9 la \u00ab guerre \u00e9conomique \u00bb aux frappes sur l&rsquo;Iran. Des \u00e9changes de tirs sporadiques s&rsquo;\u00e9taient toutefois poursuivis dans la r\u00e9gion, surtout dans et autour du d\u00e9troit d&rsquo;Ormuz.<\/p>\n<p>                        30\/08\/2026 &#8211; 23:31Bonjour et bienvenue dans notre direct<\/p>\n<p>Les \u00c9tats-Unis ont \u00e0 nouveau frapp\u00e9 l&rsquo;Iran dimanche 30 ao\u00fbt, un mois apr\u00e8s les derniers bombardements am\u00e9ricains connus sur le sol iranien. Ces frappes interviennent alors que la diplomatie iranienne s&rsquo;\u00e9tait entretenue jeudi 27 ao\u00fbt \u00e0 T\u00e9h\u00e9ran avec le Premier ministre qatarien, Mohammed ben Abdelrahmane Al Thani, pour tenter de relancer la voie diplomatique avec les \u00c9tats-Unis.<\/p>\n<ol data-org-name=\"top-articles\" data-org-type=\"aside-content--top-articles\" class=\"o-layout-list  o-layout-list--with-number grid-1-3-3\" data-layout-list-wrapper=\"\">\n<li class=\"o-layout-list__item\">\n<p>1<\/p>\n<p><a href=\"https:\/\/www.rfi.fr\/fr\/afrique\/20260829-niger-des-explosions-et-des-tirs-entendus-dans-la-capitale\" data-article-item-link=\"\" rel=\"nofollow noopener\" target=\"_blank\"><br \/>\n                                                            Niger: la mutinerie touche \u00e0 sa fin apr\u00e8s une journ\u00e9e marqu\u00e9e par des tirs et des explosions \u00e0 Niamey<br \/>\n                                                    <\/a>                        <\/p>\n<\/li>\n<li class=\"o-layout-list__item\">\n<p>2<\/p>\n<p><a href=\"https:\/\/www.rfi.fr\/fr\/afrique\/20260828-alg%C3%A9rie-apr%C3%A8s-la-visite-du-premier-ministre-nig%C3%A9rien-alger-se-rapproche-de-deux-pays-de-l-aes\" data-article-item-link=\"\" rel=\"nofollow noopener\" target=\"_blank\"><br \/>\n                                                            Alg\u00e9rie: apr\u00e8s la visite du Premier ministre nig\u00e9rien, Alger se rapproche de deux pays de l&rsquo;AES<br \/>\n                                                    <\/a>                        <\/p>\n<\/li>\n<li class=\"o-layout-list__item\">\n<p>3<\/p>\n<p><a href=\"https:\/\/www.rfi.fr\/fr\/moyen-orient\/20260828-guerre-en-iran-washington-interdit-l-acc%C3%A8s-%C3%A0-son-syst%C3%A8me-financier-%C3%A0-la-branche-%C3%A9mirienne-de-la-banque-misr\" data-article-item-link=\"\" rel=\"nofollow noopener\" target=\"_blank\"><br \/>\n                                                            Guerre en Iran: Washington interdit l\u2019acc\u00e8s \u00e0 son syst\u00e8me financier \u00e0 la branche \u00e9mirienne de la banque Misr<br \/>\n                                                    <\/a>                        <\/p>\n<\/li>\n<\/ol>\n<p>Poursuivez votre lecture sur les m\u00eames th\u00e8mes :<\/p>\n","protected":false},"excerpt":{"rendered":"Retour \u00e0 l&rsquo;accueil \/ Moyen-Orient En cours Les \u00c9tats-Unis ont men\u00e9 dimanche 30 ao\u00fbt des frappes sur l&rsquo;\u00eele&hellip;\n","protected":false},"author":2,"featured_media":1158276,"comment_status":"","ping_status":"","sticky":false,"template":"","format":"standard","meta":{"footnotes":"","_share_on_mastodon":"0"},"categories":[2],"tags":[11,554,73,1011,27,3019,90555,3257,12,25],"class_list":["post-1158275","post","type-post","status-publish","format-standard","has-post-thumbnail","category-actualites","tag-actualites","tag-defense","tag-etats-unis","tag-fr","tag-france","tag-iran","tag-liveblog","tag-moyen-orient","tag-news","tag-republique-francaise"],"share_on_mastodon":{"url":"https:\/\/pubeurope.com\/@fr\/117187339357029711","error":""},"_links":{"self":[{"href":"https:\/\/www.europesays.com\/fr\/wp-json\/wp\/v2\/posts\/1158275","targetHints":{"allow":["GET"]}}],"collection":[{"href":"https:\/\/www.europesays.com\/fr\/wp-json\/wp\/v2\/posts"}],"about":[{"href":"https:\/\/www.europesays.com\/fr\/wp-json\/wp\/v2\/types\/post"}],"author":[{"embeddable":true,"href":"https:\/\/www.europesays.com\/fr\/wp-json\/wp\/v2\/users\/2"}],"replies":[{"embeddable":true,"href":"https:\/\/www.europesays.com\/fr\/wp-json\/wp\/v2\/comments?post=1158275"}],"version-history":[{"count":0,"href":"https:\/\/www.europesays.com\/fr\/wp-json\/wp\/v2\/posts\/1158275\/revisions"}],"wp:featuredmedia":[{"embeddable":true,"href":"https:\/\/www.europesays.com\/fr\/wp-json\/wp\/v2\/media\/1158276"}],"wp:attachment":[{"href":"https:\/\/www.europesays.com\/fr\/wp-json\/wp\/v2\/media?parent=1158275"}],"wp:term":[{"taxonomy":"category","embeddable":true,"href":"https:\/\/www.europesays.com\/fr\/wp-json\/wp\/v2\/categories?post=1158275"},{"taxonomy":"post_tag","embeddable":true,"href":"https:\/\/www.europesays.com\/fr\/wp-json\/wp\/v2\/tags?post=1158275"}],"curies":[{"name":"wp","href":"https:\/\/api.w.org\/{rel}","templated":true}]}}