{"id":1158277,"date":"2026-08-31T00:40:14","date_gmt":"2026-08-31T00:40:14","guid":{"rendered":"https:\/\/www.europesays.com\/fr\/1158277\/"},"modified":"2026-08-31T00:40:14","modified_gmt":"2026-08-31T00:40:14","slug":"coupe-de-france-n3-4-classements-actualite","status":"publish","type":"post","link":"https:\/\/www.europesays.com\/fr\/1158277\/","title":{"rendered":"Coupe de France N3 #4 : Classements &#8211; Actualit\u00e9"},"content":{"rendered":"<p>Le Team 74-Haute-Savoie remporte la Coupe de France N3 2026, \u00e0 l&rsquo;issue du Tour du P\u00e9rigord, quatri\u00e8me et derni\u00e8re manche. Le podium est compl\u00e9t\u00e9 par le CC Villeneuve Saint-Germain et le Team Buffaz Gestion de Patrimoine.<\/p>\n<p>La formation haut-savoyarde, qui a \u00e9galement remport\u00e9 cette manche, succ\u00e8de \u00e0 Morlaix Cyclisme Performance au palmar\u00e8s de la Coupe de France N3.<\/p>\n<p><strong>Classement de la 4e manche :<\/strong><br \/>1. TEAM 74-HAUTE SAVOIE 104 pts<br \/>2. CC VILLENEUVE ST GERMAIN SOISSONS AISNE 84<br \/>3. ANTIBES-ALPES-MARITIMES 52<br \/>4. TEAM CORREZE SUCHET NOUVELLE AQUITAINE 40<br \/>5. ISTRES SPORT CYCLISME 36<br \/>6. TEAM BUFFAZ GESTION DE PATRIMOINE 33<br \/>7. TEAM ALL CYCLES MEAUX 32<br \/>8. U23 CYCLING PROJECT 28<br \/>9. OCCITANE CYCLISME FORMATION 22<br \/>10. GRENOBLE M\u00c9TROPOLE CYCLISME 38 22<br \/>11. MORLAIX CYCLISME PERFORMANCE 22<br \/>12. ASPTT NANCY MEURTHE ET MOSELLE 21<br \/>13. CC PERIGUEUX DORDOGNE 14<br \/>14. TEAM DEUX SEVRES 13<br \/>15. VC AMATEUR ST QUENTIN 6<br \/>16. VC AVRANCHES 5<br \/>17. DN LESCAR VS 4<\/p>\n<p><strong>Classeme<\/strong><strong>nt final de la Coupe de France N3 :<br \/><\/strong>1. TEAM 74-HAUTE SAVOIE 269 pts<br \/>2. CC VILLENEUVE ST GERMAIN SOISSONS AISNE 166<br \/>3. TEAM BUFFAZ GESTION DE PATRIMOINE 145<br \/>4. ASPTT NANCY MEURTHE ET MOSELLE 138<br \/>5. ANTIBES-ALPES-MARITIMES 137<br \/>6. GRENOBLE M\u00c9TROPOLE CYCLISME 38 118<br \/>7. UC HAGUENAU 101<br \/>8. U23 CYCLING PROJECT 94<br \/>9. MORLAIX CYCLISME PERFORMANCE 92<br \/>10. CC PERIGUEUX DORDOGNE 84<br \/>11. TEAM ALL CYCLES MEAUX 81<br \/>12. TEAM CORREZE SUCHET NOUVELLE AQUITAINE 78<br \/>13. VC LUCEEN 76<br \/>14. TEAM DEUX SEVRES 69<br \/>15. VC AVRANCHES 68<br \/>16. TEAM COTE DE GRANIT ROSE 57<br \/>17. SABLE SARTHE CYCLISME PDL 56<br \/>18. ISTRES SPORT CYCLISME 51<br \/>19. VC AMATEUR ST QUENTIN 46<br \/>20. ENTENTE TEAM TREK TARBES-CASTELSARRASIN \u00a023<br \/>21. ISSOIRE CYCLISME 4<br \/>22. OCCITANE CYCLISME FORMATION -25<br \/>23. DN LESCAR VS -46<br \/>24. EXPRESSO RACING ABADIE LE BOULOU -75<br \/>25. MARTIGUES-PAYDEN@RYGEL -120<strong><br \/><\/strong><br \/>Remerciements \u00e0 M\u00e9lanie Combes &#8211;\u00a0<a href=\"https:\/\/www.stsport.fr\" rel=\"nofollow noopener\" target=\"_blank\">www.stsport.fr<\/a><\/p>\n","protected":false},"excerpt":{"rendered":"Le Team 74-Haute-Savoie remporte la Coupe de France N3 2026, \u00e0 l&rsquo;issue du Tour du P\u00e9rigord, quatri\u00e8me et&hellip;\n","protected":false},"author":2,"featured_media":1158278,"comment_status":"","ping_status":"","sticky":false,"template":"","format":"standard","meta":{"footnotes":"","_share_on_mastodon":"0"},"categories":[4],"tags":[11,834,828,836,829,837,827,83,826,824,823,207,814,817,815,816,822,821,832,211,839,1011,27,820,818,819,12,835,831,830,833,838,25,212,208,825],"class_list":["post-1158277","post","type-post","status-publish","format-standard","has-post-thumbnail","category-france","tag-actualites","tag-attaque","tag-belgique","tag-braquet","tag-bretagne","tag-chute","tag-competition","tag-coupe-de-france","tag-coureur","tag-course-cyclisme","tag-course-cycliste","tag-cyclisme","tag-direct","tag-direct-velo","tag-directvelo","tag-directvelo-com","tag-epreuve","tag-epreuve-cycliste","tag-federation-francaise-de-cyclisme","tag-ffc","tag-flandres","tag-fr","tag-france","tag-live","tag-live-course","tag-live-epreuve","tag-news","tag-peloton","tag-radio-peloton","tag-radio-tour","tag-ravitaillement","tag-relance","tag-republique-francaise","tag-uci","tag-velo","tag-velos"],"share_on_mastodon":{"url":"https:\/\/pubeurope.com\/@fr\/117187341455193935","error":""},"_links":{"self":[{"href":"https:\/\/www.europesays.com\/fr\/wp-json\/wp\/v2\/posts\/1158277","targetHints":{"allow":["GET"]}}],"collection":[{"href":"https:\/\/www.europesays.com\/fr\/wp-json\/wp\/v2\/posts"}],"about":[{"href":"https:\/\/www.europesays.com\/fr\/wp-json\/wp\/v2\/types\/post"}],"author":[{"embeddable":true,"href":"https:\/\/www.europesays.com\/fr\/wp-json\/wp\/v2\/users\/2"}],"replies":[{"embeddable":true,"href":"https:\/\/www.europesays.com\/fr\/wp-json\/wp\/v2\/comments?post=1158277"}],"version-history":[{"count":0,"href":"https:\/\/www.europesays.com\/fr\/wp-json\/wp\/v2\/posts\/1158277\/revisions"}],"wp:featuredmedia":[{"embeddable":true,"href":"https:\/\/www.europesays.com\/fr\/wp-json\/wp\/v2\/media\/1158278"}],"wp:attachment":[{"href":"https:\/\/www.europesays.com\/fr\/wp-json\/wp\/v2\/media?parent=1158277"}],"wp:term":[{"taxonomy":"category","embeddable":true,"href":"https:\/\/www.europesays.com\/fr\/wp-json\/wp\/v2\/categories?post=1158277"},{"taxonomy":"post_tag","embeddable":true,"href":"https:\/\/www.europesays.com\/fr\/wp-json\/wp\/v2\/tags?post=1158277"}],"curies":[{"name":"wp","href":"https:\/\/api.w.org\/{rel}","templated":true}]}}