{"id":1158290,"date":"2026-08-31T00:52:30","date_gmt":"2026-08-31T00:52:30","guid":{"rendered":"https:\/\/www.europesays.com\/fr\/1158290\/"},"modified":"2026-08-31T00:52:30","modified_gmt":"2026-08-31T00:52:30","slug":"les-journees-particulieres-2026-visite-gratuite-de-lexposition-en-cours-a-la-fondation-louis-vuitton-sortir-a-paris","status":"publish","type":"post","link":"https:\/\/www.europesays.com\/fr\/1158290\/","title":{"rendered":"Les Journ\u00e9es Particuli\u00e8res 2026 : visite gratuite de l\u2019exposition en cours \u00e0 la Fondation Louis Vuitton &#8211; Sortir \u00e0 Paris"},"content":{"rendered":"<ol>\n<li><a href=\"https:\/\/news.google.com\/rss\/articles\/CBMi_AFBVV95cUxOdW8zWEU3LUdYcGRpR2ZIZlpWVWRqQnRYZWZGemtwcERIbV9yeU1xenVzWDlOdTFMLWNFVjBwQTlhQjdmYThNYmNqaVNfeHhEMG9IUkxuQndWU09ULTN6aFh2dG94dUp5eG1NLVhzR3czX1ZBblZqNFAtejR2VlFhc1lvR1BsMlI0N01oV2FDNURrRHRtUE5MY2w2ZkVSZlhOSHBuN3E4SHR1TmV6am9xQktyOG5rZjZGc0xEbW9qUmRTZmpiaGtjdlVjenF6REYxZko1UHNMV1paWUhzRnhENkVNeDFJdVRYd1NNbG1JeGtYX2VudVZ0VjFWVFQ?oc=5\" target=\"_blank\" rel=\"nofollow noopener\">Les Journ\u00e9es Particuli\u00e8res 2026 : visite gratuite de l\u2019exposition en cours \u00e0 la Fondation Louis Vuitton<\/a>&nbsp;&nbsp;Sortir \u00e0 Paris<\/li>\n<li><a href=\"https:\/\/news.google.com\/rss\/articles\/CBMi-gFBVV95cUxNWmVyWnZOaWhjVDduc0c4Tk8xdTlsTUdhYlFPN0U1cWZYdWwyS0tMV1RybFpQSDNaS1hCZVBTZ0xjU09yOVRDRVdpakMxcEp2REtuUHducFMtT19LbmxZdmUyUTlLZTR1WGdQd2h5aWpwY2I3SVBMeTdMZW9rREt0NUFReHctcHJJYWFnSVNOOTlKdmZFQ2lETnhKVkVFYTdRMDFzbUZhNmxfSzBxbHZLNEpmN2V5UU4wajdvdGl0d3RtRzB6TDRhY003SEI3MFNvamtCdVlfeHZraTR0amhKX0JFN19HbGdEMU1Mc2hyMy1IR1Bqc0VRejBn?oc=5\" target=\"_blank\" rel=\"nofollow noopener\">Les Journ\u00e9es Particuli\u00e8res 2026 \u00e0 Paris : des masterclass gratuites de p\u00e2tisserie italienne chez Cova<\/a>&nbsp;&nbsp;Sortir \u00e0 Paris<\/li>\n<li><a href=\"https:\/\/news.google.com\/rss\/articles\/CBMi6gFBVV95cUxQM09GUnFzS196V043MEpTdWRGRUEwQ0l0RjZfWUVxdEhiVmE2YmVHNXlJN1U4WTROd2d6MDdpZFF1NnJKRGozcWFYUTROZW4zdXlnTzdyNlVlYVpjX0R0S24wOC1wWUdEanZyUzdCWXRMNEIyMnJ6MGYtMF9ORUkzUDA5d2o0SWNEaXgyTXdhV0ZuQkE0Mkp0SFR1emNabFlkdkVDSTV6ZDNZLXZ1WWwwMEM2ZW5XLXU5VDZselgtZWtOT3lYUmowVUJkN04yeXQ4S1lnNlhRMGpQSzJCV0Q2cjJZNVRXU05zWHc?oc=5\" target=\"_blank\" rel=\"nofollow noopener\">Les Journ\u00e9es Particuli\u00e8res 2026 : une visite gratuite de la Samaritaine avant l\u2019ouverture<\/a>&nbsp;&nbsp;Sortir \u00e0 Paris<\/li>\n<li><a href=\"https:\/\/news.google.com\/rss\/articles\/CBMi-gFBVV95cUxQR2JUNTRncEhhb083a2toaHo3UkJnYXMwY0VvY0xiRFYydU8tVkVYVWJhWTIwYVhHUHFabjBIanV5a1R2VkhPUTIyamlwRmlsTXhUcFR0V3BzNWhDQndWRTVpSmFfLWlIT0h0dFNkOXBDd3JkS0xkV1RMMmZ2a2J1TG1ZYk9hSEt4TC1NNGVsSy16N2xkWmlvZVVzcG5UellTQUxidTdIMTYxZXhrWUF0MUowU1lFbG11aS1aRkpkQkdHVWtMaGVjZWY5b2J3LTV2cHMxYm0xOWxHSmNvbFBFZmVDaVZkNkFSbnZ6NzRocmc2M0Q5NXNBYWJ3?oc=5\" target=\"_blank\" rel=\"nofollow noopener\">Les Journ\u00e9es Particuli\u00e8res 2026 \u00e0 Paris : Chaumet ouvre son H\u00f4tel particulier et d\u00e9voile ses diad\u00e8mes<\/a>&nbsp;&nbsp;Sortir \u00e0 Paris<\/li>\n<li><a href=\"https:\/\/news.google.com\/rss\/articles\/CBMi9gFBVV95cUxOVWdGMmRhSUM2Mk1jdzJzMENlY3I3cjJiUGdqby1MQ1lpalc2UVJvSDR4aGw4SmZVb2dLdVM2QVRHWXRrak0yS1JPcVp5aVZ4SFNfUm42TFpBbEF1eU50T0RLNjltNGRzY1c5dmNWWXIwUnFhU2FZSktQSXE1ZzBpMDNFcTZOY1c5UHdXMWYtZEcteXpiaFZ3WXdzSEd2RzAzZkpMQlBMTWg5c3M4MlIyaElSWHA0bVBDek1tcktVUEtqQzlId2h2RTh2NVM1dzNPa0h1cjRaYmtGRmZyc2ExbkpvaGNmZnFSeHg3MThCUUt5Z3E3R0E?oc=5\" target=\"_blank\" rel=\"nofollow noopener\">Les Journ\u00e9es Particuli\u00e8res 2026 : Guerlain l\u00e8ve le voile sur ses savoir-faire au 68 Champs-\u00c9lys\u00e9es<\/a>&nbsp;&nbsp;Sortir \u00e0 Paris<\/li>\n<\/ol>\n","protected":false},"excerpt":{"rendered":"Les Journ\u00e9es Particuli\u00e8res 2026 : visite gratuite de l\u2019exposition en cours \u00e0 la Fondation Louis Vuitton&nbsp;&nbsp;Sortir \u00e0 Paris&hellip;\n","protected":false},"author":2,"featured_media":897496,"comment_status":"","ping_status":"","sticky":false,"template":"","format":"standard","meta":{"footnotes":"","_share_on_mastodon":"0"},"categories":[1358],"tags":[1348,1384,1385,1386,58,59,1011,27],"class_list":["post-1158290","post","type-post","status-publish","format-standard","has-post-thumbnail","category-arts-et-design","tag-arts","tag-arts-and-design","tag-arts-et-design","tag-design","tag-divertissement","tag-entertainment","tag-fr","tag-france"],"share_on_mastodon":{"url":"https:\/\/pubeurope.com\/@fr\/117187388771594484","error":""},"_links":{"self":[{"href":"https:\/\/www.europesays.com\/fr\/wp-json\/wp\/v2\/posts\/1158290","targetHints":{"allow":["GET"]}}],"collection":[{"href":"https:\/\/www.europesays.com\/fr\/wp-json\/wp\/v2\/posts"}],"about":[{"href":"https:\/\/www.europesays.com\/fr\/wp-json\/wp\/v2\/types\/post"}],"author":[{"embeddable":true,"href":"https:\/\/www.europesays.com\/fr\/wp-json\/wp\/v2\/users\/2"}],"replies":[{"embeddable":true,"href":"https:\/\/www.europesays.com\/fr\/wp-json\/wp\/v2\/comments?post=1158290"}],"version-history":[{"count":0,"href":"https:\/\/www.europesays.com\/fr\/wp-json\/wp\/v2\/posts\/1158290\/revisions"}],"wp:featuredmedia":[{"embeddable":true,"href":"https:\/\/www.europesays.com\/fr\/wp-json\/wp\/v2\/media\/897496"}],"wp:attachment":[{"href":"https:\/\/www.europesays.com\/fr\/wp-json\/wp\/v2\/media?parent=1158290"}],"wp:term":[{"taxonomy":"category","embeddable":true,"href":"https:\/\/www.europesays.com\/fr\/wp-json\/wp\/v2\/categories?post=1158290"},{"taxonomy":"post_tag","embeddable":true,"href":"https:\/\/www.europesays.com\/fr\/wp-json\/wp\/v2\/tags?post=1158290"}],"curies":[{"name":"wp","href":"https:\/\/api.w.org\/{rel}","templated":true}]}}