{"id":1158293,"date":"2026-08-31T00:55:18","date_gmt":"2026-08-31T00:55:18","guid":{"rendered":"https:\/\/www.europesays.com\/fr\/1158293\/"},"modified":"2026-08-31T00:55:18","modified_gmt":"2026-08-31T00:55:18","slug":"dijon-le-rappeur-americain-macklemore-clot-la-3e-edition-du-golden-coast-en-apotheose","status":"publish","type":"post","link":"https:\/\/www.europesays.com\/fr\/1158293\/","title":{"rendered":"Dijon. Le rappeur am\u00e9ricain Macklemore cl\u00f4t la 3e \u00e9dition du Golden Coast en apoth\u00e9ose"},"content":{"rendered":"<p>Macklemore a d\u00e9barqu\u00e9 sur la grande sc\u00e8ne du Golden Coast \u00e0 22 heures avec une belle promesse\u00a0: puisque Dijon \u00e9tait sa derni\u00e8re date europ\u00e9enne ce dimanche soir au GoCo, alors ce show serait le meilleur concert de l\u2019\u00e9t\u00e9. <\/p>\n<p>La superstar am\u00e9ricaine a alors entonn\u00e9 son titre Chant, originellement interpr\u00e9t\u00e9 avec Tones and I pour entamer. \u00ab\u00a0Prenez-moi en photos et en vid\u00e9os sous mon meilleur profil, postez-les sur les r\u00e9seaux, et rangez ensuite vos t\u00e9l\u00e9phones. J\u2019ai envie de voir vos yeux et de connecter avec vous.\u00a0\u00bb<\/p>\n<p>  Une voix rauque et \u00e9minemment expressive<\/p>\n<p>D\u00e8s les premi\u00e8res notes, Makclemore a r\u00e9chauff\u00e9 les c\u0153urs des fans d\u2019Aya Nakamura, qui a annul\u00e9 son concert une heure avant. Une prouesse alors que la pluie s\u2019est invit\u00e9e \u00e0 la combe \u00e0 la Serpent. <\/p>\n<p>Accompagn\u00e9 de choristes, musiciens et danseuses, Benjamin Haggerty, de son vrai nom, a fait danser les festivaliers aux sons de Thrift Shop , Glorious , Summer Days. Puis les a \u00e9mus, avec ses morceaux plus engag\u00e9s comme Wings qui d\u00e9nonce le consum\u00e9risme, ou encore Same Love , un titre qui sonne comme un cri contre l\u2019homophobie. Avec sa voix rauque et \u00e9minemment expressive, l\u2019artiste de 43 ans touche en plein c\u0153ur. <\/p>\n<p>  Le rappeur am\u00e9ricain s\u2019engage pour la Palestine<\/p>\n<p>Tout au long du concert, le natif de Seattle, qui parlait lentement pour que le public le comprenne, a adress\u00e9 des messages de paix, de tol\u00e9rance et d\u2019amour. Notamment en interpr\u00e9tant Hind\u2019s Hall qui d\u00e9nonce le conflit \u00e0 Gaza. \u00c0 plusieurs reprises, l\u2019Am\u00e9ricain a scand\u00e9 Free Palestine, acclam\u00e9 par un public approbatif.<\/p>\n<p>  Deux jeunes femmes sont mont\u00e9es sur sc\u00e8ne<\/p>\n<p>Galvanis\u00e9 par ses messages de vivre-ensemble, le quadrag\u00e9naire a fait monter deux jeunes femmes pour une battle de danse. Capucine de Vesoul vs Sarah de Strasbourg. Pendant 20 secondes, les deux festivali\u00e8res ont tout donn\u00e9 devant plus de 25\u00a0000 personnes. Macklemore n\u2019a d\u00e9sign\u00e9 aucune gagnante. En guise de r\u00e9compense, ce message aux courageuses volontaires\u00a0: \u00ab\u00a0Vous avez dans\u00e9 devant des milliers de personnes, merci de nous avoir montr\u00e9 qu\u2019on s\u2019en fout de ce que pensent les gens.\u00a0\u00bb<\/p>\n<p>Apr\u00e8s une bonne heure de show, Macklemore ne pouvait pas quitter Dijon sans chanter son plus grand tube\u00a0: Can\u2019t Hold us. Un morceau que les festivaliers ont honor\u00e9 en dansant sous la pluie. Et m\u00eame si ce soir ne ressemblait pas vraiment \u00e0 l\u2019\u00e9t\u00e9, Macklemore a tenu sa promesse\u00a0: c\u2019\u00e9tait bien le meilleur concert de la saison.<\/p>\n","protected":false},"excerpt":{"rendered":"Macklemore a d\u00e9barqu\u00e9 sur la grande sc\u00e8ne du Golden Coast \u00e0 22 heures avec une belle promesse\u00a0: puisque&hellip;\n","protected":false},"author":2,"featured_media":1158294,"comment_status":"","ping_status":"","sticky":false,"template":"","format":"standard","meta":{"footnotes":"","_share_on_mastodon":"0"},"categories":[1355],"tags":[1687,2930,8587,58,8588,59,107,1011,27,43794,1361,873],"class_list":["post-1158293","post","type-post","status-publish","format-standard","has-post-thumbnail","category-musique","tag-culture-loisirs","tag-dijon","tag-dijon-ville","tag-divertissement","tag-edition-dijon-et-son-agglomeration","tag-entertainment","tag-fil-info","tag-fr","tag-france","tag-golden-coast-festival","tag-music","tag-musique"],"share_on_mastodon":{"url":"https:\/\/pubeurope.com\/@fr\/117187400582964340","error":""},"_links":{"self":[{"href":"https:\/\/www.europesays.com\/fr\/wp-json\/wp\/v2\/posts\/1158293","targetHints":{"allow":["GET"]}}],"collection":[{"href":"https:\/\/www.europesays.com\/fr\/wp-json\/wp\/v2\/posts"}],"about":[{"href":"https:\/\/www.europesays.com\/fr\/wp-json\/wp\/v2\/types\/post"}],"author":[{"embeddable":true,"href":"https:\/\/www.europesays.com\/fr\/wp-json\/wp\/v2\/users\/2"}],"replies":[{"embeddable":true,"href":"https:\/\/www.europesays.com\/fr\/wp-json\/wp\/v2\/comments?post=1158293"}],"version-history":[{"count":0,"href":"https:\/\/www.europesays.com\/fr\/wp-json\/wp\/v2\/posts\/1158293\/revisions"}],"wp:featuredmedia":[{"embeddable":true,"href":"https:\/\/www.europesays.com\/fr\/wp-json\/wp\/v2\/media\/1158294"}],"wp:attachment":[{"href":"https:\/\/www.europesays.com\/fr\/wp-json\/wp\/v2\/media?parent=1158293"}],"wp:term":[{"taxonomy":"category","embeddable":true,"href":"https:\/\/www.europesays.com\/fr\/wp-json\/wp\/v2\/categories?post=1158293"},{"taxonomy":"post_tag","embeddable":true,"href":"https:\/\/www.europesays.com\/fr\/wp-json\/wp\/v2\/tags?post=1158293"}],"curies":[{"name":"wp","href":"https:\/\/api.w.org\/{rel}","templated":true}]}}