{"id":1158299,"date":"2026-08-31T00:59:12","date_gmt":"2026-08-31T00:59:12","guid":{"rendered":"https:\/\/www.europesays.com\/fr\/1158299\/"},"modified":"2026-08-31T00:59:12","modified_gmt":"2026-08-31T00:59:12","slug":"aubameyang-rit-mouctar-diakhaby-pleure-liga-j3-la-corogne-valence-3-1","status":"publish","type":"post","link":"https:\/\/www.europesays.com\/fr\/1158299\/","title":{"rendered":"Aubameyang rit, Mouctar Diakhaby pleure &#8211; Liga &#8211; J3 &#8211; La Corogne-Valence (3-1)"},"content":{"rendered":"<p>Sur les talons de Kylian Mbapp\u00e9. <strong>Pierre-Emerick Aubameyang est comme un poisson dans l\u2019eau<\/strong> \u00e0 La Corogne : le Gabonais a d\u00e9j\u00e0 inscrit <strong>trois buts sous le maillot du Depor<\/strong>. Apr\u00e8s Elche lors de la premi\u00e8re journ\u00e9e et <a target=\"_blank\" href=\"https:\/\/www.sofoot.com\/breves\/dans-le-duel-des-promus-en-liga-lancien-marseillais-pierre-emerick-aubameyang-permet-au-deportivo-la-corogne-de-prendre-un-point-a-malaga\" rel=\"nofollow noopener\">Malaga lors de la deuxi\u00e8me<\/a>, il a ajout\u00e9 Valence \u00e0 son tableau de chasse ce dimanche. Il a inscrit le but du 2-0 \u00e0 la 17e minute, au bout d\u2019<strong>un contre men\u00e9 \u00e0 toute vitesse<\/strong> et une course de plus de 40 m\u00e8tres, conclue en glissant le ballon au-dessus du gardien. Pas la peine de v\u00e9rifier : il a bel et bien 37 ans.<\/p>\n<p><a target=\"_blank\" href=\"https:\/\/x.com\/hashtag\/LALIGA?src=hash&amp;ref_src=twsrc%5Etfw\" data-type=\"embed\" data-code=\"PGJsb2NrcXVvdGUgY2xhc3M9InR3aXR0ZXItdHdlZXQiIGRhdGEtbWVkaWEtbWF4LXdpZHRoPSI1NjAiPjxwIGxhbmc9ImZyIiBkaXI9Imx0ciI+8J+kqSB8IFBpZXJyZS1FbWVyaWNrIEF1YmFtZXlhbmcg8J+HrPCfh6YgZXN0IMOJVEVSTkVMLCBlbmNvcmUgQlVURVVSIGF2ZWMgbGUgRGVwb3J0aXZvIGxhIENvcm9nbmUgISDwn4eq8J+HuDxicj48YnI+U3VpdmV6IGxhIHJlbmNvbnRyZSBlbiBkaXJlY3Qgc3VyIERBWk4uIPCfk7I8YSBocmVmPSJodHRwczovL3guY29tL2hhc2h0YWcvTEFMSUdBP3NyYz1oYXNoJmFtcDtyZWZfc3JjPXR3c3JjJTVFdGZ3Ij4jTEFMSUdBPC9hPiA8YSBocmVmPSJodHRwczovL3guY29tL2hhc2h0YWcvRCVDMyVBOXBvclZhbGVuY2lhP3NyYz1oYXNoJmFtcDtyZWZfc3JjPXR3c3JjJTVFdGZ3Ij4jRMOpcG9yVmFsZW5jaWE8L2E+IDxhIGhyZWY9Imh0dHBzOi8vdC5jby9RQ0wxR2xBc05NIj5waWMudHdpdHRlci5jb20vUUNMMUdsQXNOTTwvYT48L3A+Jm1kYXNoOyBEQVpOIEZyYW5jZSAoQERBWk5fRlIpIDxhIGhyZWY9Imh0dHBzOi8veC5jb20vREFaTl9GUi9zdGF0dXMvMjA5NDEyMjgxNzMyMzIwNDk3Nj9yZWZfc3JjPXR3c3JjJTVFdGZ3Ij5BdWd1c3QgMzAsIDIwMjY8L2E+PC9ibG9ja3F1b3RlPiA8c2NyaXB0IGFzeW5jIHNyYz0iaHR0cHM6Ly9wbGF0Zm9ybS54LmNvbS93aWRnZXRzLmpzIiBjaGFyc2V0PSJ1dGYtOCI+PC9zY3JpcHQ+\" rel=\"nofollow\">Embed x.com<\/a><\/p>\n<p>Il \u00e9tait encore dans le coup sur le troisi\u00e8me but de son \u00e9quipe puisque c\u2019est lui qui \u00e9tait vis\u00e9 par le <strong>centre que Mouctar Diakhaby a envoy\u00e9 dans ses propres filets<\/strong>. PEA est le deuxi\u00e8me buteur du championnat \u00e0 l\u2019heure actuelle, \u00e0 \u00e9galit\u00e9 avec plusieurs joueurs, une petite longueur derri\u00e8re le Kyks.<\/p>\n<p>Malheureusement, il faudra attendre d\u00e9cembre pour que les deux goleadores se croisent.<\/p>\n<p>\t\t\t\t\t\t\t\t\t\t<a class=\"lien-connexe\" href=\"https:\/\/www.sofoot.com\/breves\/bouscule-le-betis-ne-tremble-pas-face-a-valence\" rel=\"nofollow noopener\" target=\"_blank\">Bouscul\u00e9, le Betis ne tremble pas face \u00e0 Valence<\/a>\t\t\t\t\t <\/p>\n<p>\t\t\t\t\t\t\tCommentaires<br \/>\n\t\t\t\t\t\t\t\tLes membres ont post\u00e9<br \/>\n\t\t\t\t\t\t\t\t5 commentaires<br \/>\n\t\t\t\t\t\t\t\tsur cet article.<br \/>\n\t\t\t\t\t\t\t\tParticipez \u00e0 la discussion<br \/>\n\t\t\t\t\t\t\t\t\t<a href=\"http:\/\/www.sofoot.com\/compte?back=https:\/\/www.sofoot.com\/breves\/liga-pierre-emerick-aubameyang-marque-encore-avec-la-corogne\" rel=\"nofollow noopener\" target=\"_blank\"><br \/>\n\t\t\t\t\t\t\t\t\t\t<b>en vous connectant<\/b><br \/>\n\t\t\t\t\t\t\t\t\t<\/a>.<\/p>\n<p>\t\t\t\t\t\t\t\tVoir les<br \/>\n\t\t\t\t\t\t\t\t\t\t\t\t\t\t\t\t\t5<br \/>\n\t\t\t\t\t\t\t\t\t\t\t\t\t\t\t\tcommentaires<\/p>\n","protected":false},"excerpt":{"rendered":"Sur les talons de Kylian Mbapp\u00e9. Pierre-Emerick Aubameyang est comme un poisson dans l\u2019eau \u00e0 La Corogne :&hellip;\n","protected":false},"author":2,"featured_media":1158300,"comment_status":"","ping_status":"","sticky":false,"template":"","format":"standard","meta":{"footnotes":"","_share_on_mastodon":"0"},"categories":[9],"tags":[47,61,69,65,64,63,1011,27,68,66,62,70,67,60],"class_list":["post-1158299","post","type-post","status-publish","format-standard","has-post-thumbnail","category-sports","tag-actualite","tag-actus-football","tag-bundesliga","tag-championnats-europeens","tag-equipe-de-france","tag-football","tag-fr","tag-france","tag-ligua","tag-ligue-1","tag-news-foot","tag-premier-league","tag-serie-a","tag-sports"],"share_on_mastodon":{"url":"https:\/\/pubeurope.com\/@fr\/117187416093083482","error":""},"_links":{"self":[{"href":"https:\/\/www.europesays.com\/fr\/wp-json\/wp\/v2\/posts\/1158299","targetHints":{"allow":["GET"]}}],"collection":[{"href":"https:\/\/www.europesays.com\/fr\/wp-json\/wp\/v2\/posts"}],"about":[{"href":"https:\/\/www.europesays.com\/fr\/wp-json\/wp\/v2\/types\/post"}],"author":[{"embeddable":true,"href":"https:\/\/www.europesays.com\/fr\/wp-json\/wp\/v2\/users\/2"}],"replies":[{"embeddable":true,"href":"https:\/\/www.europesays.com\/fr\/wp-json\/wp\/v2\/comments?post=1158299"}],"version-history":[{"count":0,"href":"https:\/\/www.europesays.com\/fr\/wp-json\/wp\/v2\/posts\/1158299\/revisions"}],"wp:featuredmedia":[{"embeddable":true,"href":"https:\/\/www.europesays.com\/fr\/wp-json\/wp\/v2\/media\/1158300"}],"wp:attachment":[{"href":"https:\/\/www.europesays.com\/fr\/wp-json\/wp\/v2\/media?parent=1158299"}],"wp:term":[{"taxonomy":"category","embeddable":true,"href":"https:\/\/www.europesays.com\/fr\/wp-json\/wp\/v2\/categories?post=1158299"},{"taxonomy":"post_tag","embeddable":true,"href":"https:\/\/www.europesays.com\/fr\/wp-json\/wp\/v2\/tags?post=1158299"}],"curies":[{"name":"wp","href":"https:\/\/api.w.org\/{rel}","templated":true}]}}