{"id":1158301,"date":"2026-08-31T01:00:36","date_gmt":"2026-08-31T01:00:36","guid":{"rendered":"https:\/\/www.europesays.com\/fr\/1158301\/"},"modified":"2026-08-31T01:00:36","modified_gmt":"2026-08-31T01:00:36","slug":"le-pari-fou-dun-chef-dorchestre-reussi-un-record-du-monde-avec-1-381-clarinettes-a-chatellerault","status":"publish","type":"post","link":"https:\/\/www.europesays.com\/fr\/1158301\/","title":{"rendered":"Le pari fou d\u2019un chef d\u2019orchestre r\u00e9ussi : un record du monde avec 1.381 clarinettes \u00e0 Ch\u00e2tellerault"},"content":{"rendered":"<p>Record du monde battu. Le pari aussi fou qu\u2019insolite d\u2019Emmanuel Boulanger est r\u00e9ussi. Ce dimanche 30\u00a0ao\u00fbt 2026, l\u2019instigateur de l\u2019\u00e9v\u00e9nement La Grande Clarinette est parvenu \u00e0 r\u00e9unir plus d\u2019un millier de clarinettistes \u00e0 <a title=\"Lien vers la NR 86 et d&#039;autres articles concernant la commune\" target=\"_self\" href=\"https:\/\/www.lanouvellerepublique.fr\/chatellerault\" rel=\"nofollow noopener\">Ch\u00e2tellerault<\/a> autour du kiosque de l\u2019esplanade Fran\u00e7ois-Mitterrand.<\/p>\n<p>Une juge du Guinness Book est venue sp\u00e9cialement dans la Vienne pour valider ce record qui a \u00e9t\u00e9 \u00e9tabli pendant le morceau Out of Africa de John Barry\u00a0: 1.381 clarinettistes ont jou\u00e9 ensemble pendant cinq minutes, surveill\u00e9s par des sp\u00e9cialistes qui passaient dans les rangs pour valider la performance.<\/p>\n<p>Venus du monde entier<\/p>\n<p>Le record pr\u00e9par\u00e9 depuis des mois et apr\u00e8s <a target=\"_self\" href=\"https:\/\/www.lanouvellerepublique.fr\/chatellerault\/je-suis-heureux-que-la-municipalite-ait-change-d-avis-le-concert-geant-des-clarinettes-a-chatellerault-aura-bien-lieu-en-centre-ville-1784546475\" rel=\"nofollow noopener\">quelques p\u00e9rip\u00e9ties<\/a> a \u00e9t\u00e9 valid\u00e9 gr\u00e2ce \u00e0 la pr\u00e9sence de clarinettiste venus du monde entier. \u00ab\u00a0\u00c7a vient de pratiquement tous les d\u00e9partements de France mais aussi de toute l\u2019Europe\u00a0: Allemagne, Espagne, Italie, Suisse, Angleterre, Irlande, Lettonie\u2026 mais aussi Turquie, B\u00e9nin, \u00c9tats-Unis, Qu\u00e9bec\u2026 On aura m\u00eame le Japon repr\u00e9sent\u00e9 par une \u00e9tudiante qui fait actuellement ses \u00e9tudes en France\u00a0\u00bb, expliquait Emmanuel Boulanger, le chef d\u2019orchestre.<\/p>\n<p>Malgr\u00e9 la pluie, plus de 2.000 personnes \u00e9taient pr\u00e9sentes derri\u00e8re les barri\u00e8res qui encerclaient les musiciens dont la plupart portaient le tee-shirt blanc floqu\u00e9 \u00ab\u00a0Le plus grand orchestre de\u00a0clarinettes du monde\u00a0\u00bb. Au-del\u00e0 du record, tous auront particip\u00e9 \u00e0 un \u00e9v\u00e9nement musical unique.<\/p>\n<p>Plus d\u2019informations \u00e0 venir prochainement.<\/p>\n","protected":false},"excerpt":{"rendered":"Record du monde battu. Le pari aussi fou qu\u2019insolite d\u2019Emmanuel Boulanger est r\u00e9ussi. Ce dimanche 30\u00a0ao\u00fbt 2026, l\u2019instigateur&hellip;\n","protected":false},"author":2,"featured_media":1158302,"comment_status":"","ping_status":"","sticky":false,"template":"","format":"standard","meta":{"footnotes":"","_share_on_mastodon":"0"},"categories":[8],"tags":[328,1392,19489,4156,58,59,1011,27,1757,1393,1698],"class_list":["post-1158301","post","type-post","status-publish","format-standard","has-post-thumbnail","category-divertissement","tag-a-la-une","tag-a-la-une-local","tag-chatellerault","tag-concerts","tag-divertissement","tag-entertainment","tag-fr","tag-france","tag-insolite","tag-loisirs","tag-musiques"],"share_on_mastodon":{"url":"https:\/\/pubeurope.com\/@fr\/117187420221273028","error":""},"_links":{"self":[{"href":"https:\/\/www.europesays.com\/fr\/wp-json\/wp\/v2\/posts\/1158301","targetHints":{"allow":["GET"]}}],"collection":[{"href":"https:\/\/www.europesays.com\/fr\/wp-json\/wp\/v2\/posts"}],"about":[{"href":"https:\/\/www.europesays.com\/fr\/wp-json\/wp\/v2\/types\/post"}],"author":[{"embeddable":true,"href":"https:\/\/www.europesays.com\/fr\/wp-json\/wp\/v2\/users\/2"}],"replies":[{"embeddable":true,"href":"https:\/\/www.europesays.com\/fr\/wp-json\/wp\/v2\/comments?post=1158301"}],"version-history":[{"count":0,"href":"https:\/\/www.europesays.com\/fr\/wp-json\/wp\/v2\/posts\/1158301\/revisions"}],"wp:featuredmedia":[{"embeddable":true,"href":"https:\/\/www.europesays.com\/fr\/wp-json\/wp\/v2\/media\/1158302"}],"wp:attachment":[{"href":"https:\/\/www.europesays.com\/fr\/wp-json\/wp\/v2\/media?parent=1158301"}],"wp:term":[{"taxonomy":"category","embeddable":true,"href":"https:\/\/www.europesays.com\/fr\/wp-json\/wp\/v2\/categories?post=1158301"},{"taxonomy":"post_tag","embeddable":true,"href":"https:\/\/www.europesays.com\/fr\/wp-json\/wp\/v2\/tags?post=1158301"}],"curies":[{"name":"wp","href":"https:\/\/api.w.org\/{rel}","templated":true}]}}