{"id":1158307,"date":"2026-08-31T01:04:21","date_gmt":"2026-08-31T01:04:21","guid":{"rendered":"https:\/\/www.europesays.com\/fr\/1158307\/"},"modified":"2026-08-31T01:04:21","modified_gmt":"2026-08-31T01:04:21","slug":"plus-de-20-personnes-recherchees-apres-des-crues-soudaines-dans-le-grand-canyon-aux-etats-unis","status":"publish","type":"post","link":"https:\/\/www.europesays.com\/fr\/1158307\/","title":{"rendered":"Plus de 20 personnes recherch\u00e9es apr\u00e8s des crues soudaines dans le Grand Canyon aux \u00c9tats-Unis"},"content":{"rendered":"<p>Le Service des parcs nationaux am\u00e9ricains \u00ab\u00a0demande au public de fournir des informations concernant plus de 20 personnes qui pourraient \u00eatre port\u00e9es disparues ou dont on est sans nouvelles \u00e0 la suite d&rsquo;une crue subite importante\u00a0\u00bb.<\/p>\n<p>Plus de 20 personnes sont recherch\u00e9es dimanche 30 ao\u00fbt apr\u00e8s la survenue la veille d&rsquo;une crue soudaine dans le c\u00e9l\u00e8bre parc du Grand Canyon, dans l&rsquo;Ouest des \u00c9tats-Unis, a annonc\u00e9 le parc.<\/p>\n<p>Le Service des parcs nationaux am\u00e9ricains (NPS) \u00ab\u00a0demande au public de fournir des informations concernant plus de 20 personnes qui pourraient \u00eatre port\u00e9es disparues ou dont on est sans nouvelles \u00e0 la suite d&rsquo;une crue subite importante\u00a0\u00bb, <a href=\"https:\/\/www.nps.gov\/grca\/learn\/news\/public-assistance-requested-to-account-for-individuals-following-grand-canyon-flash-flood.htm\" target=\"_blank\" class=\"external_link\" rel=\"nofollow noopener\">indique le parc sur son site<\/a>.<\/p>\n<p class=\"embed_consent_title\">Ce contenu ne peut pas \u00eatre affich\u00e9<\/p>\n<p class=\"embed_consent_text\">Ce contenu ne peut pas \u00eatre affich\u00e9 sans votre consentement car il implique l\u2019utilisation de cookies d\u00e9pos\u00e9s par son fournisseur. Ces cookies peuvent notamment permettre de mesurer l&rsquo;audience, personnaliser le contenu ou suivre votre navigation. Pour afficher ce contenu, vous pouvez :<\/p>\n<p class=\"embed_consent_text\">Param\u00e9trer vos choix afin d&rsquo;accepter uniquement les cookies li\u00e9s \u00e0 ces contenus tiers en cliquant sur \u00ab Param\u00e9trer les cookies \u00bb. Vous pouvez \u00e0 tout moment modifier vos choix et retirer votre consentement en cliquant sur \u00ab Param\u00e9trage des cookies \u00bb figurant en bas de page de ce site.<\/p>\n<p class=\"embed_consent_text\">Pour en savoir plus, vous pouvez \u00e9galement consulter <a href=\"https:\/\/www.bfmtv.com\/politique-donnees-personnelles\/\" rel=\"nofollow noopener\" target=\"_blank\">notre politique de protection des donn\u00e9es personnelles<\/a>. Sans votre consentement, ce contenu ne peut pas \u00eatre affich\u00e9<\/p>\n<p>Param\u00e9trer les cookies<\/p>\n<p>\u00ab\u00a0Le personnel du parc national du Grand Canyon, en collaboration avec le D\u00e9partement de la s\u00e9curit\u00e9 publique de l&rsquo;Arizona, poursuit ses op\u00e9rations d&rsquo;\u00e9vacuation et d&rsquo;intervention, et s&rsquo;efforce de localiser les personnes qui auraient pu se trouver dans la zone touch\u00e9e\u00a0\u00bb, ajoute le parc.<\/p>\n","protected":false},"excerpt":{"rendered":"Le Service des parcs nationaux am\u00e9ricains \u00ab\u00a0demande au public de fournir des informations concernant plus de 20 personnes&hellip;\n","protected":false},"author":2,"featured_media":1158308,"comment_status":"","ping_status":"","sticky":false,"template":"","format":"standard","meta":{"footnotes":"","_share_on_mastodon":"0"},"categories":[5],"tags":[11,1011,27,14,12,28],"class_list":["post-1158307","post","type-post","status-publish","format-standard","has-post-thumbnail","category-international","tag-actualites","tag-fr","tag-france","tag-international","tag-news","tag-world"],"share_on_mastodon":{"url":"https:\/\/pubeurope.com\/@fr\/117187436019799240","error":""},"_links":{"self":[{"href":"https:\/\/www.europesays.com\/fr\/wp-json\/wp\/v2\/posts\/1158307","targetHints":{"allow":["GET"]}}],"collection":[{"href":"https:\/\/www.europesays.com\/fr\/wp-json\/wp\/v2\/posts"}],"about":[{"href":"https:\/\/www.europesays.com\/fr\/wp-json\/wp\/v2\/types\/post"}],"author":[{"embeddable":true,"href":"https:\/\/www.europesays.com\/fr\/wp-json\/wp\/v2\/users\/2"}],"replies":[{"embeddable":true,"href":"https:\/\/www.europesays.com\/fr\/wp-json\/wp\/v2\/comments?post=1158307"}],"version-history":[{"count":0,"href":"https:\/\/www.europesays.com\/fr\/wp-json\/wp\/v2\/posts\/1158307\/revisions"}],"wp:featuredmedia":[{"embeddable":true,"href":"https:\/\/www.europesays.com\/fr\/wp-json\/wp\/v2\/media\/1158308"}],"wp:attachment":[{"href":"https:\/\/www.europesays.com\/fr\/wp-json\/wp\/v2\/media?parent=1158307"}],"wp:term":[{"taxonomy":"category","embeddable":true,"href":"https:\/\/www.europesays.com\/fr\/wp-json\/wp\/v2\/categories?post=1158307"},{"taxonomy":"post_tag","embeddable":true,"href":"https:\/\/www.europesays.com\/fr\/wp-json\/wp\/v2\/tags?post=1158307"}],"curies":[{"name":"wp","href":"https:\/\/api.w.org\/{rel}","templated":true}]}}