{"id":1158314,"date":"2026-08-31T01:11:17","date_gmt":"2026-08-31T01:11:17","guid":{"rendered":"https:\/\/www.europesays.com\/fr\/1158314\/"},"modified":"2026-08-31T01:11:17","modified_gmt":"2026-08-31T01:11:17","slug":"evenement-depuis-10-ans-deja-rockn-bock-est-le-rendez-vous-gratuit-incontournable-de-la-rentree","status":"publish","type":"post","link":"https:\/\/www.europesays.com\/fr\/1158314\/","title":{"rendered":"\u00c9v\u00e9nement. Depuis 10 ans d\u00e9j\u00e0\u00a0: Rock\u2019N Bock est le rendez-vous gratuit &#038; incontournable de la rentr\u00e9e\u00a0!"},"content":{"rendered":"<p>Au programme\u00a0: bi\u00e8res artisanales de l\u2019Union des Brasseries du Grand Est (UBGE) en d\u00e9gustation sur place ou \u00e0 emporter, des concerts gratuits de grande qualit\u00e9 r\u00e9partis sur deux sc\u00e8nes, et une ambiance festive au c\u0153ur d\u2019un lieu charg\u00e9 de plus de 100 ans d\u2019histoire.<\/p>\n<p>  Programmation \u00e9lectrique &amp; brasseries 100\u00a0% locales<\/p>\n<p>Avec plus de 110 groupes en 10 \u00e9ditions, Rock\u2019N Bock est un festival qui ne cesse de monter en puissance. Cette ann\u00e9e le festival traverse m\u00eame les fronti\u00e8res avec la venue d\u2019un groupe anglais <strong>Nine Below Zero <\/strong>(pilier de la sc\u00e8ne blues rock britannique.) La programmation de cette \u00e9dition promet un week-end exceptionnel\u00a0: <strong>Nine Below Zero, Les Yeux d\u2019la T\u00eate, Give Me A Name, Kim Melville, Eighteen Close, Dog\u2019N\u2019Style, Bredelers, Lueur, La P\u2019tite S\u0153ur, Little Odetta, The Manky Melters, DosPavos<\/strong>\u2026 entre rock folk blues punk musique latine m\u00e9tal\u2026 de quoi satisfaire son public toujours plus nombreux. C\u00f4t\u00e9 brasseries, <strong>un beau palmar\u00e8s pr\u00e9sent tout au long du week-end avec au total 18\u00a0brasseries de l\u2019UBGE.<\/strong> La Ludoth\u00e8que de Max\u00e9ville offrira m\u00eame un <strong>espace de jeux plein air<\/strong> aux visiteurs le dimanche apr\u00e8s-midi.<\/p>\n<p>  Un lieu charg\u00e9 d\u2019Histoire(s)<\/p>\n<p>Ancien fleuron de l\u2019industrie brassicole, le site des Anciennes Brasseries de Max\u00e9ville offre un cadre charg\u00e9 d\u2019Histoire(s) unique, qui fait de Rock\u2019N Bock bien plus qu\u2019un festival\u00a0: <strong>une v\u00e9ritable c\u00e9l\u00e9bration du terroir, du\u00a0patrimoine et de la culture rock.<\/strong><\/p>\n","protected":false},"excerpt":{"rendered":"Au programme\u00a0: bi\u00e8res artisanales de l\u2019Union des Brasseries du Grand Est (UBGE) en d\u00e9gustation sur place ou \u00e0&hellip;\n","protected":false},"author":2,"featured_media":1158315,"comment_status":"","ping_status":"","sticky":false,"template":"","format":"standard","meta":{"footnotes":"","_share_on_mastodon":"0"},"categories":[9635],"tags":[1111,11,7884,1777,674,1011,27,775,1702,12,25],"class_list":["post-1158314","post","type-post","status-publish","format-standard","has-post-thumbnail","category-nancy","tag-actu","tag-actualites","tag-articles-partenaires","tag-eu","tag-europe","tag-fr","tag-france","tag-grand-est","tag-nancy","tag-news","tag-republique-francaise"],"share_on_mastodon":{"url":"https:\/\/pubeurope.com\/@fr\/117187463359216723","error":""},"_links":{"self":[{"href":"https:\/\/www.europesays.com\/fr\/wp-json\/wp\/v2\/posts\/1158314","targetHints":{"allow":["GET"]}}],"collection":[{"href":"https:\/\/www.europesays.com\/fr\/wp-json\/wp\/v2\/posts"}],"about":[{"href":"https:\/\/www.europesays.com\/fr\/wp-json\/wp\/v2\/types\/post"}],"author":[{"embeddable":true,"href":"https:\/\/www.europesays.com\/fr\/wp-json\/wp\/v2\/users\/2"}],"replies":[{"embeddable":true,"href":"https:\/\/www.europesays.com\/fr\/wp-json\/wp\/v2\/comments?post=1158314"}],"version-history":[{"count":0,"href":"https:\/\/www.europesays.com\/fr\/wp-json\/wp\/v2\/posts\/1158314\/revisions"}],"wp:featuredmedia":[{"embeddable":true,"href":"https:\/\/www.europesays.com\/fr\/wp-json\/wp\/v2\/media\/1158315"}],"wp:attachment":[{"href":"https:\/\/www.europesays.com\/fr\/wp-json\/wp\/v2\/media?parent=1158314"}],"wp:term":[{"taxonomy":"category","embeddable":true,"href":"https:\/\/www.europesays.com\/fr\/wp-json\/wp\/v2\/categories?post=1158314"},{"taxonomy":"post_tag","embeddable":true,"href":"https:\/\/www.europesays.com\/fr\/wp-json\/wp\/v2\/tags?post=1158314"}],"curies":[{"name":"wp","href":"https:\/\/api.w.org\/{rel}","templated":true}]}}