{"id":1158320,"date":"2026-08-31T01:26:53","date_gmt":"2026-08-31T01:26:53","guid":{"rendered":"https:\/\/www.europesays.com\/fr\/1158320\/"},"modified":"2026-08-31T01:26:53","modified_gmt":"2026-08-31T01:26:53","slug":"video-ca-remue-olivier-frapolli-a-ete-tres-heureux-de-revenir-a-le-basser-pour-stade-lavallois","status":"publish","type":"post","link":"https:\/\/www.europesays.com\/fr\/1158320\/","title":{"rendered":"VID\u00c9O. \u00ab\u00a0\u00c7a remue !\u00a0\u00bb : Olivier Frapolli a \u00e9t\u00e9 \u00ab\u00a0tr\u00e8s heureux\u00a0de revenir \u00bb \u00e0 Le Basser pour Stade lavallois"},"content":{"rendered":"<p>\u00c0 l&rsquo;issue de la rencontre remport\u00e9e par Grenoble face \u00e0 Laval, l&rsquo;entra\u00eeneur Olivier Frapolli s&rsquo;est exprim\u00e9 sur cette rencontre qui marquait ses retrouvailles avec le stade Francis-Le Basser.<\/p>\n<p>        Publi\u00e9 le 28\/08\/2026  \u00e0 23h46<\/p>\n<p>Ce vendredi 28 ao\u00fbt, pour le compte de la 4e journ\u00e9e de L2, Olivier Frapolli et Grenoble ont s\u00e8chement battu Laval <a href=\"https:\/\/www.ouest-france.fr\/sport\/football\/ligue-2\/direct-stade-lavallois-grenoble-suivez-le-match-de-la-4e-journee-de-ligue-2-en-live-a9a658b2-6f29-47de-892a-9f37f27bbde8\" target=\"_blank\" rel=\"noopener noreferrer nofollow\">au terme d&rsquo;une rencontre marqu\u00e9e par le d\u00e9chet technique des Tango (0-3)<\/a>, pourtant \u00e0 domicile.<\/p>\n<p>Des adieux qui l&rsquo;ont \u00e9mu<\/p>\n<p>Pour son retour au Stade Francis-Le Basser, stade o\u00f9 il a entra\u00een\u00e9 pendant sept saisons lorsqu&rsquo;il \u00e9tait \u00e0 la t\u00eate des Tango, Olivier Frapolli a donc jou\u00e9 un mauvais tour \u00e0 son ancienne \u00e9quipe.<\/p>\n<p><strong>Lire aussi :<\/strong>\u00a0<a href=\"https:\/\/www.ouest-france.fr\/sport\/football\/stade-lavallois\/stade-lavallois-grenoble-les-notes-des-tango-les-jeunes-mellier-et-sidibe-a-la-peine-samassa-depasse-5e190b86-a306-11f1-94d9-ff4da0548a19\" target=\"_blank\" rel=\"noopener noreferrer nofollow\">Stade lavallois &#8211; Grenoble. Les notes des Tango : les jeunes Mellier et Sidib\u00e9 \u00e0 la peine, Samassa d\u00e9pass\u00e9<\/a><\/p>\n<p>Apr\u00e8s un d\u00e9part intervenu tr\u00e8s rapidement \u00e0 la fin de la saison derni\u00e8re, le Varois avait l&rsquo;occasion de faire ses adieux \u00e0 son ancien public. Des retrouvailles qui l&rsquo;ont \u00e9mu.\u00a0<\/p>\n<p>        Voir plus<br \/>\n        Voir moins<\/p>\n","protected":false},"excerpt":{"rendered":"\u00c0 l&rsquo;issue de la rencontre remport\u00e9e par Grenoble face \u00e0 Laval, l&rsquo;entra\u00eeneur Olivier Frapolli s&rsquo;est exprim\u00e9 sur cette&hellip;\n","protected":false},"author":2,"featured_media":1158321,"comment_status":"","ping_status":"","sticky":false,"template":"","format":"standard","meta":{"footnotes":"","_share_on_mastodon":"0"},"categories":[9566],"tags":[1111,11,2430,1777,674,1011,27,2731,11705,2693,446,13290,12,25,517,40802],"class_list":["post-1158320","post","type-post","status-publish","format-standard","has-post-thumbnail","category-grenoble","tag-actu","tag-actualites","tag-auvergne-rhone-alpes","tag-eu","tag-europe","tag-fr","tag-france","tag-grenoble","tag-grenoble-foot","tag-laval","tag-ligue-2","tag-mayenne","tag-news","tag-republique-francaise","tag-sport","tag-stade-lavallois"],"share_on_mastodon":{"url":"https:\/\/pubeurope.com\/@fr\/117187526313372489","error":""},"_links":{"self":[{"href":"https:\/\/www.europesays.com\/fr\/wp-json\/wp\/v2\/posts\/1158320","targetHints":{"allow":["GET"]}}],"collection":[{"href":"https:\/\/www.europesays.com\/fr\/wp-json\/wp\/v2\/posts"}],"about":[{"href":"https:\/\/www.europesays.com\/fr\/wp-json\/wp\/v2\/types\/post"}],"author":[{"embeddable":true,"href":"https:\/\/www.europesays.com\/fr\/wp-json\/wp\/v2\/users\/2"}],"replies":[{"embeddable":true,"href":"https:\/\/www.europesays.com\/fr\/wp-json\/wp\/v2\/comments?post=1158320"}],"version-history":[{"count":0,"href":"https:\/\/www.europesays.com\/fr\/wp-json\/wp\/v2\/posts\/1158320\/revisions"}],"wp:featuredmedia":[{"embeddable":true,"href":"https:\/\/www.europesays.com\/fr\/wp-json\/wp\/v2\/media\/1158321"}],"wp:attachment":[{"href":"https:\/\/www.europesays.com\/fr\/wp-json\/wp\/v2\/media?parent=1158320"}],"wp:term":[{"taxonomy":"category","embeddable":true,"href":"https:\/\/www.europesays.com\/fr\/wp-json\/wp\/v2\/categories?post=1158320"},{"taxonomy":"post_tag","embeddable":true,"href":"https:\/\/www.europesays.com\/fr\/wp-json\/wp\/v2\/tags?post=1158320"}],"curies":[{"name":"wp","href":"https:\/\/api.w.org\/{rel}","templated":true}]}}