{"id":1158326,"date":"2026-08-31T01:34:14","date_gmt":"2026-08-31T01:34:14","guid":{"rendered":"https:\/\/www.europesays.com\/fr\/1158326\/"},"modified":"2026-08-31T01:34:14","modified_gmt":"2026-08-31T01:34:14","slug":"les-chantiers-offensifs-de-nice","status":"publish","type":"post","link":"https:\/\/www.europesays.com\/fr\/1158326\/","title":{"rendered":"Les chantiers offensifs de Nice"},"content":{"rendered":"<p class=\"mb-4 text-lg md:leading-8 break-words\">S\u00e8chement battu par le Paris FC (0-3), Nice a affich\u00e9 beaucoup de lacunes mais c&rsquo;est devant que son entra\u00eeneur juge que le travail est le plus urgent \u00e0 mener.<\/p>\n<p class=\"mb-4 text-lg md:leading-8 break-words\">Olivier Pantaloni a d\u00fb modifier ses plans. L&rsquo;entra\u00eeneur ni\u00e7ois et son staff ont anticip\u00e9 l&rsquo;entr\u00e9e en jeu d&rsquo;Elye Wahi. Le joueur de l&rsquo;Eintracht Francfort, pr\u00eat\u00e9 de nouveau \u00e0 l&rsquo;OGC Nice cette saison et arriv\u00e9 sur la C\u00f4te d&rsquo;Azur dimanche dernier, est entr\u00e9 d\u00e8s la 63e minute \u00e0 la place de Nathan Ngoumou alors que son \u00e9quipe \u00e9tait men\u00e9e 0-2 par le PFC.<\/p>\n<p class=\"mb-4 text-lg md:leading-8 break-words\">Au-del\u00e0 du score, cette d\u00e9cision est tr\u00e8s probablement la cons\u00e9quence des difficult\u00e9s offensives affich\u00e9es par le 16e de la derni\u00e8re L1 qui s&rsquo;\u00e9tait sauv\u00e9 lors du barrage face \u00e0 Saint-\u00c9tienne (0-0, 4-1). \u00abOn se doit d&rsquo;\u00eatre plus incisifs, plus d\u00e9termin\u00e9s dans les 30 derniers m\u00e8tres, on a eu des p\u00e9riodes de domination mais elles \u00e9taient st\u00e9riles \u00bb, a point\u00e9 l&rsquo;ancien technicien de Lorient.<\/p>\n<p class=\"mb-4 text-lg md:leading-8 break-words\">Les notes de Paris FC-Nice<\/p>\n<p class=\"mb-4 text-lg md:leading-8 break-words\"><strong>Olivier Pantaloni, l&rsquo;entra\u00eeneur de l&rsquo;OGC Nice<\/strong><\/p>\n<p class=\"mb-4 text-lg md:leading-8 break-words\">\u00ab Le gros chantier se situe sur le plan offensif pour que l&rsquo;on arrive \u00e0 avoir des occasions bien plus franches \u00bb<\/p>\n<p class=\"mb-4 text-lg md:leading-8 break-words\">Ce manque de d\u00e9termination conjugu\u00e9 \u00e0 pas mal de d\u00e9chet technique \u00e0 l&rsquo;approche de la surface &#8211; Pantaloni regrettant des centres approximatifs pr\u00e9judiciables \u00e0 son \u00e9quipe &#8211; expliquent que le club visiteur n&rsquo;ait que tr\u00e8s peu inqui\u00e9t\u00e9 Kevin Trapp, si ce n&rsquo;est sur une frappe puissante de pr\u00e8s de Jonathan Clauss (68e) et, une minute apr\u00e8s, un tir de loin de Xavier Mandza, repouss\u00e9.<\/p>\n<p class=\"mb-4 text-lg md:leading-8 break-words\">\u00ab Le gros chantier se situe sur le plan offensif pour que l&rsquo;on arrive \u00e0 avoir des occasions bien plus franches, a estim\u00e9 Pantaloni. Il y a un travail important \u00e0 faire \u00e0 ce niveau-l\u00e0. Il y a un d\u00e9ficit d&rsquo;automatismes puisqu&rsquo;il y a de nouveaux principes mais, malgr\u00e9 tout, il faut avoir de la pr\u00e9sence dans la surface de r\u00e9paration et mettre de la d\u00e9termination, avoir la volont\u00e9 de marquer. \u00bb C&rsquo;est d&rsquo;ailleurs la deuxi\u00e8me fois au XXIe si\u00e8cle que Nice d\u00e9bute une saison de L1 par deux matches sans marquer, apr\u00e8s 2012-2013.<\/p>\n<p class=\"mb-4 text-lg md:leading-8 break-words\">Le retour de Wahi devrait aider \u00e0 combler ces lacunes : \u00ab On esp\u00e8re que ce temps de jeu suppl\u00e9mentaire lui fera du bien pour qu&rsquo;il retrouve la pl\u00e9nitude de ses moyens. On ne doute pas que ce soit un \u00e9l\u00e9ment tr\u00e8s important qui pourrait nous faire du bien \u00bb, a reconnu le coach ni\u00e7ois.<\/p>\n<p class=\"mb-4 text-lg md:leading-8 break-words\">Toute l&rsquo;actualit\u00e9 de Nice<\/p>\n<p class=\"mb-4 text-lg md:leading-8 break-words\">L&rsquo;\u00c9quipe &#8211; Arnaud Hermant<\/p>\n","protected":false},"excerpt":{"rendered":"S\u00e8chement battu par le Paris FC (0-3), Nice a affich\u00e9 beaucoup de lacunes mais c&rsquo;est devant que son&hellip;\n","protected":false},"author":2,"featured_media":1158327,"comment_status":"","ping_status":"","sticky":false,"template":"","format":"standard","meta":{"footnotes":"","_share_on_mastodon":"0"},"categories":[2819],"tags":[56667,1111,11,118882,118884,12008,118887,1777,674,118889,1011,27,118888,118886,118883,12,2401,87636,118885,882,25],"class_list":["post-1158326","post","type-post","status-publish","format-standard","has-post-thumbnail","category-nice","tag-0-3","tag-actu","tag-actualites","tag-apres-la-defaite-de-nice-au-paris-fc","tag-avoir-la-volonte-de-marquer","tag-bien","tag-equipe-etait-menee","tag-eu","tag-europe","tag-f-faugere-lequipe","tag-fr","tag-france","tag-il-y","tag-l1-qui","tag-le-joueur-de-leintracht-francfort","tag-news","tag-nice","tag-olivier-pantaloni","tag-pantaloni","tag-provence-alpes-cote-dazur","tag-republique-francaise"],"share_on_mastodon":{"url":"https:\/\/pubeurope.com\/@fr\/117187553747307767","error":""},"_links":{"self":[{"href":"https:\/\/www.europesays.com\/fr\/wp-json\/wp\/v2\/posts\/1158326","targetHints":{"allow":["GET"]}}],"collection":[{"href":"https:\/\/www.europesays.com\/fr\/wp-json\/wp\/v2\/posts"}],"about":[{"href":"https:\/\/www.europesays.com\/fr\/wp-json\/wp\/v2\/types\/post"}],"author":[{"embeddable":true,"href":"https:\/\/www.europesays.com\/fr\/wp-json\/wp\/v2\/users\/2"}],"replies":[{"embeddable":true,"href":"https:\/\/www.europesays.com\/fr\/wp-json\/wp\/v2\/comments?post=1158326"}],"version-history":[{"count":0,"href":"https:\/\/www.europesays.com\/fr\/wp-json\/wp\/v2\/posts\/1158326\/revisions"}],"wp:featuredmedia":[{"embeddable":true,"href":"https:\/\/www.europesays.com\/fr\/wp-json\/wp\/v2\/media\/1158327"}],"wp:attachment":[{"href":"https:\/\/www.europesays.com\/fr\/wp-json\/wp\/v2\/media?parent=1158326"}],"wp:term":[{"taxonomy":"category","embeddable":true,"href":"https:\/\/www.europesays.com\/fr\/wp-json\/wp\/v2\/categories?post=1158326"},{"taxonomy":"post_tag","embeddable":true,"href":"https:\/\/www.europesays.com\/fr\/wp-json\/wp\/v2\/tags?post=1158326"}],"curies":[{"name":"wp","href":"https:\/\/api.w.org\/{rel}","templated":true}]}}