{"id":1158328,"date":"2026-08-31T01:37:40","date_gmt":"2026-08-31T01:37:40","guid":{"rendered":"https:\/\/www.europesays.com\/fr\/1158328\/"},"modified":"2026-08-31T01:37:40","modified_gmt":"2026-08-31T01:37:40","slug":"nantes-reste-maudit-en-ligue-2-ligue-2-j4-guingamp-fc-nantes-3-3","status":"publish","type":"post","link":"https:\/\/www.europesays.com\/fr\/1158328\/","title":{"rendered":"Nantes reste maudit en Ligue 2 &#8211; Ligue 2 &#8211; J4 &#8211; Guingamp-FC Nantes (3-3)"},"content":{"rendered":"<p>\t\t\t<img decoding=\"async\" loading=\"lazy\" class=\"blason blason-grand\" src=\"https:\/\/www.europesays.com\/fr\/wp-content\/uploads\/2026\/08\/logo_ea_guingamp_2019.jpg\"\/> En Avant Guingamp 3-3 FC Nantes <img decoding=\"async\" loading=\"lazy\" class=\"blason blason-grand\" src=\"https:\/\/www.europesays.com\/fr\/wp-content\/uploads\/2026\/08\/nantes.jpg\"\/><\/p>\n<p>Buts : Ben Brahim (9e) et Gomis (15e\u00a0et 90e+8) pour les Bretons \/\/ Younoussa (22e et 49e) et Joujou (85e) pour les Lig\u00e9riens.<\/p>\n<p>Lueur d\u2019espoir ? Pas encore ! Nantes est pass\u00e9 \u00e0 une minute, \u00e0 un penalty de remporter un match de foot ! Pour sa premi\u00e8re sur le banc des Canaris, <strong>Gr\u00e9gory Poirier repart de Guingamp avec un seul point<\/strong>, obtenu au terme d\u2019un sc\u00e9nario renversant. Son \u00e9quipe pensait remporter la rencontre en fin de match gr\u00e2ce au but de sa recrue Antoine Joujou (85e). <a target=\"_blank\" href=\"https:\/\/www.sofoot.com\/articles\/au-del%C3%A0-de-la-valse-les-entra%C3%AEneurs-du-fc-nantes-se-suivent-et-ne-se-ressemblent-pas-du-tout\" rel=\"nofollow noopener\">La saison de Nantes pouvait enfin commencer<\/a>, sauf qu\u2019au bout du temps additionnel, les Guingampais ont \u00e9galis\u00e9, Donatien Gomis suivant parfaitement l\u2019arr\u00eat de Maxime Dup\u00e9 (90e+8). Juste avant, la main de Johann Lepenant dans la surface a \u00e9t\u00e9 sanctionn\u00e9e, nouveau signe d\u2019un \u00e9t\u00e9 o\u00f9 rien ne va dans le bon sens.<\/p>\n<p><strong>Le FC Nantes \u00e9tait men\u00e9 de deux buts au bout de quinze minutes.<\/strong> Samir Ben Brahim, d\u2019une jolie frappe enroul\u00e9e, puis Donatien Gomis ont plong\u00e9 Fr\u00e9d\u00e9ric Guilbert, Ibrahima Sissoko et leurs co\u00e9quipiers dans la panade. Seul Wilitty Younoussa, d\u00e9barqu\u00e9 de Rodez \u00e0 l\u2019intersaison, a surnag\u00e9. Le milieu de terrain a inscrit un doubl\u00e9 (22e et 49e), avant que les Nantais, bien aid\u00e9s par la grande fatigue des joueurs guingampais, ne r\u00e9ussissent une meilleure seconde mi-temps. Nantes reste dernier de Ligue 2.<\/p>\n<p><a target=\"_blank\" href=\"https:\/\/www.sofoot.com\/breves\/ligue-2-nantes-senfonce-deja-dans-la-crise-metz-accroche-par-laval\" rel=\"nofollow noopener\">L\u2019inverse de Nantes-Rodez<\/a>, en somme.<\/p>\n<p>\t\t\t\t\t\t\t\t\t\t<a class=\"lien-connexe\" href=\"https:\/\/www.sofoot.com\/articles\/les-dix-attractions-de-la-saison-2026-2027-en-ligue-2\" rel=\"nofollow noopener\" target=\"_blank\">Les dix attractions de la saison en Ligue 2<\/a>\t\t\t\t\t <\/p>\n<p>\t\t\t\t\t\t\tCommentaires<br \/>\n\t\t\t\t\t\t\t\tLes membres ont post\u00e9<br \/>\n\t\t\t\t\t\t\t\t31 commentaires<br \/>\n\t\t\t\t\t\t\t\tsur cet article.<br \/>\n\t\t\t\t\t\t\t\tParticipez \u00e0 la discussion<br \/>\n\t\t\t\t\t\t\t\t\t<a href=\"http:\/\/www.sofoot.com\/compte?back=https:\/\/www.sofoot.com\/breves\/dans-un-scenario-de-fou-nantes-et-guingamp-se-quittent-sur-un-match-nul-pour-la-premiere-de-gregory-poirier-avec-le-fc-nantes\" rel=\"nofollow noopener\" target=\"_blank\"><br \/>\n\t\t\t\t\t\t\t\t\t\t<b>en vous connectant<\/b><br \/>\n\t\t\t\t\t\t\t\t\t<\/a>.<\/p>\n<p>\t\t\t\t\t\t\t\tVoir les<br \/>\n\t\t\t\t\t\t\t\t\t\t\t\t\t\t\t\t\t31<br \/>\n\t\t\t\t\t\t\t\t\t\t\t\t\t\t\t\tcommentaires<\/p>\n","protected":false},"excerpt":{"rendered":"En Avant Guingamp 3-3 FC Nantes Buts : Ben Brahim (9e) et Gomis (15e\u00a0et 90e+8) pour les Bretons&hellip;\n","protected":false},"author":2,"featured_media":1158329,"comment_status":"","ping_status":"","sticky":false,"template":"","format":"standard","meta":{"footnotes":"","_share_on_mastodon":"0"},"categories":[2818],"tags":[1111,47,11,61,69,65,64,1777,674,63,1011,27,68,66,766,12,62,2636,70,25,67],"class_list":["post-1158328","post","type-post","status-publish","format-standard","has-post-thumbnail","category-nantes","tag-actu","tag-actualite","tag-actualites","tag-actus-football","tag-bundesliga","tag-championnats-europeens","tag-equipe-de-france","tag-eu","tag-europe","tag-football","tag-fr","tag-france","tag-ligua","tag-ligue-1","tag-nantes","tag-news","tag-news-foot","tag-pays-de-la-loire","tag-premier-league","tag-republique-francaise","tag-serie-a"],"share_on_mastodon":{"url":"https:\/\/pubeurope.com\/@fr\/117187568697056301","error":""},"_links":{"self":[{"href":"https:\/\/www.europesays.com\/fr\/wp-json\/wp\/v2\/posts\/1158328","targetHints":{"allow":["GET"]}}],"collection":[{"href":"https:\/\/www.europesays.com\/fr\/wp-json\/wp\/v2\/posts"}],"about":[{"href":"https:\/\/www.europesays.com\/fr\/wp-json\/wp\/v2\/types\/post"}],"author":[{"embeddable":true,"href":"https:\/\/www.europesays.com\/fr\/wp-json\/wp\/v2\/users\/2"}],"replies":[{"embeddable":true,"href":"https:\/\/www.europesays.com\/fr\/wp-json\/wp\/v2\/comments?post=1158328"}],"version-history":[{"count":0,"href":"https:\/\/www.europesays.com\/fr\/wp-json\/wp\/v2\/posts\/1158328\/revisions"}],"wp:featuredmedia":[{"embeddable":true,"href":"https:\/\/www.europesays.com\/fr\/wp-json\/wp\/v2\/media\/1158329"}],"wp:attachment":[{"href":"https:\/\/www.europesays.com\/fr\/wp-json\/wp\/v2\/media?parent=1158328"}],"wp:term":[{"taxonomy":"category","embeddable":true,"href":"https:\/\/www.europesays.com\/fr\/wp-json\/wp\/v2\/categories?post=1158328"},{"taxonomy":"post_tag","embeddable":true,"href":"https:\/\/www.europesays.com\/fr\/wp-json\/wp\/v2\/tags?post=1158328"}],"curies":[{"name":"wp","href":"https:\/\/api.w.org\/{rel}","templated":true}]}}