{"id":1158337,"date":"2026-08-31T01:47:16","date_gmt":"2026-08-31T01:47:16","guid":{"rendered":"https:\/\/www.europesays.com\/fr\/1158337\/"},"modified":"2026-08-31T01:47:16","modified_gmt":"2026-08-31T01:47:16","slug":"larbitre-de-lille-psg-sur-le-temps-additionnel-il-y-a-eu-un-but-donc-on-en-rajoute","status":"publish","type":"post","link":"https:\/\/www.europesays.com\/fr\/1158337\/","title":{"rendered":"L&rsquo;arbitre de Lille-PSG sur le temps additionnel : \u00abIl y a eu un but, donc on en rajoute\u00bb"},"content":{"rendered":"<p class=\"mb-4 text-lg md:leading-8 break-words\">Dans une vid\u00e9o r\u00e9v\u00e9l\u00e9e ce dimanche soir par Ligue 1+, l&rsquo;arbitre de Lille-PSG (2-2) Eric Wattellier a expliqu\u00e9 sa gestion du temps additionnel, alors que Paris a \u00e9galis\u00e9 \u00e0 la 90e + 5, au-del\u00e0 des trois minutes initiales. Selon l&rsquo;arbitre, cet allongement est d\u00fb au premier but parisien \u00e0 la 90e + 1, entra\u00eenant l&rsquo;ajout d&rsquo;une minute suppl\u00e9mentaire.<\/p>\n<p class=\"mb-4 text-lg md:leading-8 break-words\">Le temps additionnel de Lille-PSG (2-2) ce vendredi soir, pour le compte de la 2e journ\u00e9e de Ligue 1, a laiss\u00e9 un go\u00fbt amer aux Lillois. Alors que trois minutes avaient initialement \u00e9t\u00e9 annonc\u00e9es, Marquinhos a inscrit le but \u00e9galisateur apr\u00e8s 94 minutes et 10 secondes. Face \u00e0 cette pol\u00e9mique, le diffuseur Ligue 1+ a d\u00e9cid\u00e9 de diffuser les diff\u00e9rents points chauds du match vus du point de vue de l&rsquo;arbitre, Eric Wattellier.<\/p>\n<p class=\"mb-4 text-lg md:leading-8 break-words\">Cette \u00ab ref cam \u00bb met en \u00e9vidence des \u00e9changes l\u00e9gers, notamment lorsque Olivier Giroud tente de s&rsquo;assurer que le mur est bien plac\u00e9 \u00e0 9,15 m, et non \u00e0 10 m\u00e8tres sur un coup franc parisien : \u00ab Vous avez fait 10 pas ? Vous avez de grandes jambes ! \u00bb. Elle permet, aussi, de mieux voir le raisonnement de l&rsquo;arbitre \u00e0 travers la gestion du temps additionnel. On l&rsquo;entend par exemple menacer le gardien Berke \u00d6zer, au sol apr\u00e8s un l\u00e9ger choc \u00e0 la 90e + 2 (\u00e0 2-1) : \u00ab S&rsquo;il vous pla\u00eet, levez-vous ou on ajoute une minute suppl\u00e9mentaire \u00bb.<\/p>\n<p class=\"mb-4 text-lg md:leading-8 break-words\">\u00c0 la fin de la partie, un \u00e9change avec Dilane Bakwa \u00e9claire cette situation. \u00ab C&rsquo;est 3 + 1 minimum, on a mis 4 minutes parce qu&rsquo;ils ont marqu\u00e9 dans les arr\u00eats de jeu (par Vitinha \u00e0 90&rsquo;02\u00a0\u00bb, alors que le temps additionnel venait d&rsquo;\u00eatre annonc\u00e9), explique M. Wattellier. Il y a eu un but, donc on en rajoute. \u00bb<\/p>\n<p class=\"mb-4 text-lg md:leading-8 break-words\">Le temps additionnel de Lille-PSG a-t-il \u00e9t\u00e9 trop long ? L&rsquo;analyse de Sa\u00efd Ennjimi, ancien arbitre international<\/p>\n<p class=\"mb-4 text-lg md:leading-8 break-words\">L&rsquo;\u00c9quipe &#8211; R\u00e9daction<\/p>\n","protected":false},"excerpt":{"rendered":"Dans une vid\u00e9o r\u00e9v\u00e9l\u00e9e ce dimanche soir par Ligue 1+, l&rsquo;arbitre de Lille-PSG (2-2) Eric Wattellier a expliqu\u00e9&hellip;\n","protected":false},"author":2,"featured_media":1158338,"comment_status":"","ping_status":"","sticky":false,"template":"","format":"standard","meta":{"footnotes":"","_share_on_mastodon":"0"},"categories":[2815],"tags":[118355,1111,11,118891,118890,1777,674,1011,27,811,66,1307,12,118893,25,118892],"class_list":["post-1158337","post","type-post","status-publish","format-standard","has-post-thumbnail","category-lille","tag-a-mounic-lequipe","tag-actu","tag-actualites","tag-eric-wattellier","tag-eric-wattellier-en-vive-discussion-avec","tag-eu","tag-europe","tag-fr","tag-france","tag-hauts-de-france","tag-ligue-1","tag-lille","tag-news","tag-parisien-a-la-90e-1","tag-republique-francaise","tag-vous-avez-de-grandes-jambes"],"share_on_mastodon":{"url":"","error":""},"_links":{"self":[{"href":"https:\/\/www.europesays.com\/fr\/wp-json\/wp\/v2\/posts\/1158337","targetHints":{"allow":["GET"]}}],"collection":[{"href":"https:\/\/www.europesays.com\/fr\/wp-json\/wp\/v2\/posts"}],"about":[{"href":"https:\/\/www.europesays.com\/fr\/wp-json\/wp\/v2\/types\/post"}],"author":[{"embeddable":true,"href":"https:\/\/www.europesays.com\/fr\/wp-json\/wp\/v2\/users\/2"}],"replies":[{"embeddable":true,"href":"https:\/\/www.europesays.com\/fr\/wp-json\/wp\/v2\/comments?post=1158337"}],"version-history":[{"count":0,"href":"https:\/\/www.europesays.com\/fr\/wp-json\/wp\/v2\/posts\/1158337\/revisions"}],"wp:featuredmedia":[{"embeddable":true,"href":"https:\/\/www.europesays.com\/fr\/wp-json\/wp\/v2\/media\/1158338"}],"wp:attachment":[{"href":"https:\/\/www.europesays.com\/fr\/wp-json\/wp\/v2\/media?parent=1158337"}],"wp:term":[{"taxonomy":"category","embeddable":true,"href":"https:\/\/www.europesays.com\/fr\/wp-json\/wp\/v2\/categories?post=1158337"},{"taxonomy":"post_tag","embeddable":true,"href":"https:\/\/www.europesays.com\/fr\/wp-json\/wp\/v2\/tags?post=1158337"}],"curies":[{"name":"wp","href":"https:\/\/api.w.org\/{rel}","templated":true}]}}