{"id":115835,"date":"2025-05-21T03:01:12","date_gmt":"2025-05-21T03:01:12","guid":{"rendered":"https:\/\/www.europesays.com\/fr\/115835\/"},"modified":"2025-05-21T03:01:12","modified_gmt":"2025-05-21T03:01:12","slug":"les-etats-unis-ont-expulse-deux-migrants-asiatiques-vers-le-soudan-du-sud-selon-leurs-avocats","status":"publish","type":"post","link":"https:\/\/www.europesays.com\/fr\/115835\/","title":{"rendered":"Les \u00c9tats-Unis ont expuls\u00e9 deux migrants asiatiques vers le Soudan du Sud, selon leurs avocats"},"content":{"rendered":"<p class=\"fig-paragraph\">Les\u00a0<a href=\"http:\/\/www.lefigaro.fr\/international\/100-jours-de-trump-la-maison-blanche-place-sur-sa-pelouse-des-mugshots-d-immigres-accuses-de-crimes-20250429\" target=\"_blank\" data-fig-type=\"Article\" rel=\"noopener\" data-gtm-custom-categorie=\"navigation\" data-gtm-custom-action=\"crossclick\" data-gtm-custom-label=\"Contextuel\" data-gtm-event=\"customEventSPE\" data-fig-domain=\"LEFIGARO\">\u00c9tats-Unis<\/a>\u00a0ont expuls\u00e9 mardi 20 mai une dizaine de migrants vers le\u00a0<a href=\"http:\/\/www.lefigaro.fr\/international\/l-anarchie-complete-au-soudan-du-sud-la-crainte-d-une-nouvelle-guerre-civile-20250328\" target=\"_blank\" data-fig-type=\"Article\" rel=\"noopener\" data-gtm-custom-categorie=\"navigation\" data-gtm-custom-action=\"crossclick\" data-gtm-custom-label=\"Contextuel\" data-gtm-event=\"customEventSPE\" data-fig-domain=\"LEFIGARO\">Soudan du Sud<\/a>, dont deux ressortissants vietnamien et birman, ont affirm\u00e9 des avocats repr\u00e9sentant certaines de ces personnes, accusant l&rsquo;administration Trump d&rsquo;avoir transgress\u00e9 une d\u00e9cision de justice.<\/p>\n<p class=\"fig-paragraph\">Dans des documents judiciaires d\u00e9pos\u00e9s mardi, ces avocats d\u00e9clarent que \u00abN.M.\u00bb, un ressortissant de Birmanie en d\u00e9tention aupr\u00e8s de la police am\u00e9ricaine de l&rsquo;immigration (ICE), a \u00e9t\u00e9 pr\u00e9venu lundi soir de son expulsion \u00e0 venir vers le Soudan du Sud, pays d&rsquo;Afrique subsaharienne qui compte parmi les plus pauvres de la plan\u00e8te. Les repr\u00e9sentants de \u00abN.M.\u00bb ont appris \u00abd&rsquo;un agent de d\u00e9tention par e-mail\u00bb mardi qu&rsquo;il avait \u00e9t\u00e9 \u00abexpuls\u00e9 le matin m\u00eame vers le Soudan du Sud\u00bb. D&rsquo;autres avocats ont \u00e9t\u00e9 formellement averti qu&rsquo;un autre migrant, \u00abT.T.P.\u00bb, originaire du Vietnam, \u00absemble avoir subi le m\u00eame sort que \u201cN.M.\u201d\u00bb. Ils ont aussi re\u00e7u des informations selon lesquelles \u00abil y avait probablement au moins 10 autres plaignants \u00e0 bord de l&rsquo;avion vers le Soudan du Sud\u00bb.<\/p>\n<p>\u00abInvasion\u00bb<\/p>\n<p class=\"fig-paragraph\">Les avocats d\u00e9noncent en outre le fait que, selon eux, le gouvernement am\u00e9ricain \u00abne s&rsquo;est pas conform\u00e9\u00bb \u00e0 une d\u00e9cision de justice d&rsquo;avril, en ne fournissant pas \u00abl&rsquo;opportunit\u00e9 de d\u00e9poser une demande de protection sur la base de la Convention des Nations unies contre la torture\u00bb. Dans une affaire d&rsquo;expulsion vers la Libye, un juge f\u00e9d\u00e9ral avait en effet ordonn\u00e9 en avril que toute expulsion vers un pays tiers soit pr\u00e9c\u00e9d\u00e9e de la possibilit\u00e9 de demander une telle protection. Ils demandent d\u00e9sormais au juge d&rsquo;enjoindre \u00e0 l&rsquo;administration de \u00abne pas\u00bb expulser et si n\u00e9cessaire d&rsquo;ordonner le retour imm\u00e9diat de \u201cN.M.\u201d, \u201cT.T.P.\u201d et des autres plaignants dans la m\u00eame situation\u00ab.<\/p>\n<p class=\"fig-paragraph\">Sollicit\u00e9e par l&rsquo;AFP, ICE n&rsquo;avait pas r\u00e9pondu dans l&rsquo;imm\u00e9diat.<\/p>\n<p class=\"fig-paragraph\">D\u00e9but avril, l&rsquo;administration Trump avait d\u00e9cid\u00e9 d&rsquo;interdire de visa aux \u00c9tats-Unis tous les ressortissants sud-soudanais, en le justifiant par le fait que, selon elle, cet \u00c9tat d&rsquo;Afrique n&rsquo;acceptait pas de reprendre ses citoyens vis\u00e9s par une mesure d&rsquo;expulsion. Donald Trump a \u00e9rig\u00e9 la lutte contre l&rsquo;immigration clandestine en priorit\u00e9 absolue, \u00e9voquant une \u00abinvasion\u00bb des \u00c9tats-Unis par \u00abdes criminels venus de l&rsquo;\u00e9tranger\u00bb. Le r\u00e9publicain a notamment invoqu\u00e9 une loi de 1798 pour justifier l&rsquo;expulsion en f\u00e9vrier vers le Salvador de quelque 250 personnes, en grande majorit\u00e9 des V\u00e9n\u00e9zu\u00e9liens accus\u00e9s d&rsquo;appartenir \u00e0 un gang. Mais plusieurs tribunaux, ainsi que la Cour supr\u00eame, ont bloqu\u00e9 provisoirement son recours \u00e0 cette loi.<\/p>\n","protected":false},"excerpt":{"rendered":"Les\u00a0\u00c9tats-Unis\u00a0ont expuls\u00e9 mardi 20 mai une dizaine de migrants vers le\u00a0Soudan du Sud, dont deux ressortissants vietnamien et&hellip;\n","protected":false},"author":2,"featured_media":115836,"comment_status":"","ping_status":"","sticky":false,"template":"","format":"standard","meta":{"footnotes":""},"categories":[1589],"tags":[1111,47,11,1109,1112,73,1866,118,1108,107,1106,1107,27,1110,1114,14,12,1113,316,1864,1865,1863,308],"class_list":{"0":"post-115835","1":"post","2":"type-post","3":"status-publish","4":"format-standard","5":"has-post-thumbnail","7":"category-etats-unis","8":"tag-actu","9":"tag-actualite","10":"tag-actualites","11":"tag-breves","12":"tag-depeches","13":"tag-etats-unis","14":"tag-etats-unis-damerique","15":"tag-faits-divers","16":"tag-fil","17":"tag-fil-info","18":"tag-flash","19":"tag-flash-actu","20":"tag-france","21":"tag-informations","22":"tag-infos","23":"tag-international","24":"tag-news","25":"tag-nouvelles","26":"tag-politique","27":"tag-united-states","28":"tag-united-states-of-america","29":"tag-us","30":"tag-usa"},"share_on_mastodon":{"url":"https:\/\/pubeurope.com\/@fr\/114543596954993849","error":""},"_links":{"self":[{"href":"https:\/\/www.europesays.com\/fr\/wp-json\/wp\/v2\/posts\/115835","targetHints":{"allow":["GET"]}}],"collection":[{"href":"https:\/\/www.europesays.com\/fr\/wp-json\/wp\/v2\/posts"}],"about":[{"href":"https:\/\/www.europesays.com\/fr\/wp-json\/wp\/v2\/types\/post"}],"author":[{"embeddable":true,"href":"https:\/\/www.europesays.com\/fr\/wp-json\/wp\/v2\/users\/2"}],"replies":[{"embeddable":true,"href":"https:\/\/www.europesays.com\/fr\/wp-json\/wp\/v2\/comments?post=115835"}],"version-history":[{"count":0,"href":"https:\/\/www.europesays.com\/fr\/wp-json\/wp\/v2\/posts\/115835\/revisions"}],"wp:featuredmedia":[{"embeddable":true,"href":"https:\/\/www.europesays.com\/fr\/wp-json\/wp\/v2\/media\/115836"}],"wp:attachment":[{"href":"https:\/\/www.europesays.com\/fr\/wp-json\/wp\/v2\/media?parent=115835"}],"wp:term":[{"taxonomy":"category","embeddable":true,"href":"https:\/\/www.europesays.com\/fr\/wp-json\/wp\/v2\/categories?post=115835"},{"taxonomy":"post_tag","embeddable":true,"href":"https:\/\/www.europesays.com\/fr\/wp-json\/wp\/v2\/tags?post=115835"}],"curies":[{"name":"wp","href":"https:\/\/api.w.org\/{rel}","templated":true}]}}