{"id":1158362,"date":"2026-08-31T02:08:21","date_gmt":"2026-08-31T02:08:21","guid":{"rendered":"https:\/\/www.europesays.com\/fr\/1158362\/"},"modified":"2026-08-31T02:08:21","modified_gmt":"2026-08-31T02:08:21","slug":"nigel-farage-en-baisse-dans-les-sondages-le-parti-reform-uk-sessouffle","status":"publish","type":"post","link":"https:\/\/www.europesays.com\/fr\/1158362\/","title":{"rendered":"Nigel Farage en baisse dans les sondages : le parti Reform UK s&rsquo;essouffle"},"content":{"rendered":"<p>A l\u2019approche du congr\u00e8s annuel de Reform UK, du 3 au 5 septembre, <a class=\"Link \" href=\"https:\/\/www.lopinion.fr\/theme\/nigel-farage\" data-cms-ai=\"0\" rel=\"nofollow noopener\" target=\"_blank\">Nigel Farage<\/a> va devoir rassembler ses troupes, apr\u00e8s un \u00e9t\u00e9 mouvement\u00e9. L\u2019ann\u00e9e derni\u00e8re, il \u00e9tait presque le roi de la rentr\u00e9e, entre l\u2019avantage de son parti dans les sondages et l\u2019annonce de la professionnalisation du mouvement.<\/p>\n<p>Mais <a class=\"Link \" href=\"https:\/\/www.lopinion.fr\/international\/andy-burnham-veut-changer-le-fonctionnement-de-la-politique-britannique\" data-cms-ai=\"0\" rel=\"nofollow noopener\" target=\"_blank\">l\u2019arriv\u00e9e du \u00ab\u00a0roi du Nord\u00a0\u00bb, Andy Burnham<\/a>, \u00e0 la t\u00eate du Labour est venue rebattre les cartes. Pour la premi\u00e8re fois depuis mars 2025, Reform UK est d\u00e9tr\u00f4n\u00e9 par le Labour dans les intentions de vote pour les l\u00e9gislatives.<\/p>\n","protected":false},"excerpt":{"rendered":"A l\u2019approche du congr\u00e8s annuel de Reform UK, du 3 au 5 septembre, Nigel Farage va devoir rassembler&hellip;\n","protected":false},"author":2,"featured_media":1158363,"comment_status":"","ping_status":"","sticky":false,"template":"","format":"standard","meta":{"footnotes":"","_share_on_mastodon":"0"},"categories":[1588],"tags":[11,1777,674,16716,12,10669,29259,473,1853,1851,1850,1852],"class_list":["post-1158362","post","type-post","status-publish","format-standard","has-post-thumbnail","category-royaume-uni","tag-actualites","tag-eu","tag-europe","tag-labour","tag-news","tag-nigel-farage","tag-populisme","tag-royaume-uni","tag-royaume-uni-de-grande-bretagne-et-dirlande-du-nord","tag-uk","tag-united-kingdom","tag-united-kingdom-of-great-britain-and-northern-ireland"],"share_on_mastodon":{"url":"https:\/\/pubeurope.com\/@fr\/117187687629863358","error":""},"_links":{"self":[{"href":"https:\/\/www.europesays.com\/fr\/wp-json\/wp\/v2\/posts\/1158362","targetHints":{"allow":["GET"]}}],"collection":[{"href":"https:\/\/www.europesays.com\/fr\/wp-json\/wp\/v2\/posts"}],"about":[{"href":"https:\/\/www.europesays.com\/fr\/wp-json\/wp\/v2\/types\/post"}],"author":[{"embeddable":true,"href":"https:\/\/www.europesays.com\/fr\/wp-json\/wp\/v2\/users\/2"}],"replies":[{"embeddable":true,"href":"https:\/\/www.europesays.com\/fr\/wp-json\/wp\/v2\/comments?post=1158362"}],"version-history":[{"count":0,"href":"https:\/\/www.europesays.com\/fr\/wp-json\/wp\/v2\/posts\/1158362\/revisions"}],"wp:featuredmedia":[{"embeddable":true,"href":"https:\/\/www.europesays.com\/fr\/wp-json\/wp\/v2\/media\/1158363"}],"wp:attachment":[{"href":"https:\/\/www.europesays.com\/fr\/wp-json\/wp\/v2\/media?parent=1158362"}],"wp:term":[{"taxonomy":"category","embeddable":true,"href":"https:\/\/www.europesays.com\/fr\/wp-json\/wp\/v2\/categories?post=1158362"},{"taxonomy":"post_tag","embeddable":true,"href":"https:\/\/www.europesays.com\/fr\/wp-json\/wp\/v2\/tags?post=1158362"}],"curies":[{"name":"wp","href":"https:\/\/api.w.org\/{rel}","templated":true}]}}