{"id":1158402,"date":"2026-08-31T02:37:29","date_gmt":"2026-08-31T02:37:29","guid":{"rendered":"https:\/\/www.europesays.com\/fr\/1158402\/"},"modified":"2026-08-31T02:37:29","modified_gmt":"2026-08-31T02:37:29","slug":"incendie-de-crans-montana-une-ancienne-serveuse-du-constellation-assure-avoir-ete-victime-de-sequestration-de-la-part-de-jacques-moretti","status":"publish","type":"post","link":"https:\/\/www.europesays.com\/fr\/1158402\/","title":{"rendered":"Incendie de Crans-Montana : une ancienne serveuse du Constellation assure avoir \u00e9t\u00e9 victime de s\u00e9questration de la part de Jacques Moretti"},"content":{"rendered":"<p>\n                                                                    l&rsquo;essentiel<br \/>\n                                                                Auditionn\u00e9e ce lundi 31 ao\u00fbt en Suisse, une ex-employ\u00e9e du Constellation pourrait \u00e9clairer la conscience des risques du couple Moretti avant le drame du 1er de l&rsquo;an durant lequel 41 personnes sont mortes et 115 bless\u00e9es.\u00a0\n                            <\/p>\n<p>De nouvelles r\u00e9v\u00e9lations explosives \u00e0 venir ? Lundi 31 ao\u00fbt, une audition men\u00e9e dans le cadre de l&rsquo;enqu\u00eate sur l&rsquo;incendie du bar \u00ab\u00a0Le Constellation\u00a0\u00bb \u00e0 <a href=\"https:\/\/www.ladepeche.fr\/faits-divers\/incendies\/incendie-dun-bar-a-crans-montana\/\" target=\"_blank\" rel=\"nofollow noopener\">Crans-Montana<\/a>, le 1er janvier 2026, ayant co\u00fbt\u00e9 la vie \u00e0 41 personnes, pourrait apporter des informations pr\u00e9cieuses. En effet, une ancienne employ\u00e9e de l&rsquo;\u00e9tablissement appartenant aux \u00e9poux Moretti sera entendue par les enqu\u00eateurs \u00e0 Sion (Suisse).<\/p>\n<p class=\"std-elt__inline\">\n        <strong>\u00c0 lire aussi :<\/strong><br \/>\n        <a href=\"https:\/\/www.ladepeche.fr\/2026\/08\/24\/incendie-de-crans-montana-obliges-de-pointer-quotidiennement-sans-revenus-isoles-a-quoi-ressemble-la-vie-de-jacques-et-jessica-moretti-aujourdhui-13520718.php\" rel=\"nofollow noopener\" target=\"_blank\">Incendie de Crans-Montana : oblig\u00e9s de pointer quotidiennement, sans revenus, isol\u00e9s&#8230; \u00c0 quoi ressemble la vie de Jacques et Jessica Moretti aujourd&rsquo;hui ?<\/a>\n    <\/p>\n<p>Pourquoi son t\u00e9moignage pourrait-il \u00eatre important ? Selon les informations du <a href=\"https:\/\/www.24heures.ch\/constellation-une-ex-employee-des-moretti-temoigne-le-31-aout-891336839620\" target=\"_blank\" rel=\"nofollow noopener\">24 heures<\/a>, elle est \u00e0 l&rsquo;origine d&rsquo;un message WhatsApp transmis \u00e0 la police, dat\u00e9 du 13 d\u00e9cembre 2019. Jessica Moretti y pr\u00e9venait ses \u00e9quipes : \u00ab\u00a0S\u2019ils veulent des scintillants faites tr\u00e8s attention, restez jusqu\u2019\u00e0 ce que le scintillant s\u2019\u00e9teigne car s\u2019il tombe, sur le canap\u00e9 ou au sol, ou qu\u2019ils le tiennent en hauteur et crament la mousse au plafond, le Constel br\u00fble\u00a0\u00bb.<\/p>\n<p>S\u00e9questration<\/p>\n<p>Selon nos confr\u00e8res suisses, cette audition doit \u00e9valuer la conscience des patrons face aux risques d&#8217;embrasement alors que la t\u00e9moin a c\u00f4toy\u00e9 et travaill\u00e9 pr\u00e8s de deux ans pour Jessica Moretti. D&rsquo;apr\u00e8s des avocats de victimes, elle pourra t\u00e9moigner de leur \u00ab\u00a0culture d&rsquo;entreprise\u00a0\u00bb et des r\u00e8gles de s\u00e9curit\u00e9.<\/p>\n<p class=\"std-elt__inline\">\n        <strong>\u00c0 lire aussi :<\/strong><br \/>\n        <a href=\"https:\/\/www.ladepeche.fr\/2026\/08\/28\/incendie-de-crans-montana-crise-conjugale-etablissements-desertes-avoirs-geles-pourquoi-lempire-gastronomique-des-moretti-est-au-bord-de-la-faillite-13527112.php\" rel=\"nofollow noopener\" target=\"_blank\">Incendie de Crans-Montana : crise conjugale, \u00e9tablissements d\u00e9sert\u00e9s, avoirs gel\u00e9s&#8230; pourquoi l&#8217;empire gastronomique des Moretti est au bord de la faillite<\/a>\n    <\/p>\n<p>Leurs relations se sont d\u00e9grad\u00e9es en raison d&rsquo;un conflit sur des heures suppl\u00e9mentaires non r\u00e9mun\u00e9r\u00e9es. Durant l&rsquo;\u00e9t\u00e9 2021, l&#8217;employ\u00e9e et deux coll\u00e8gues ont pr\u00e9lev\u00e9 de l&rsquo;argent dans les caisses pour compenser ce manque \u00e0 gagner, entra\u00eenant leur licenciement. Avant d&rsquo;alerter la police, <a href=\"https:\/\/www.ladepeche.fr\/2026\/08\/23\/jacques-moretti-patron-du-constellation-place-en-detention-provisoire-apres-des-violences-presumees-sur-son-epouse-13520196.php\" target=\"_blank\" rel=\"nofollow noopener\">Jacques Moretti<\/a> aurait s\u00e9questr\u00e9 les trois salari\u00e9s dans les sous-sols pour exiger un paiement imm\u00e9diat, obligeant deux d&rsquo;entre eux \u00e0 c\u00e9der. L&rsquo;affaire s&rsquo;est finie par une condamnation p\u00e9nale et une conciliation.<\/p>\n","protected":false},"excerpt":{"rendered":"l&rsquo;essentiel Auditionn\u00e9e ce lundi 31 ao\u00fbt en Suisse, une ex-employ\u00e9e du Constellation pourrait \u00e9clairer la conscience des risques&hellip;\n","protected":false},"author":2,"featured_media":1158403,"comment_status":"","ping_status":"","sticky":false,"template":"","format":"standard","meta":{"footnotes":"","_share_on_mastodon":"0"},"categories":[5],"tags":[11,118,1011,27,84103,5383,14,12,28],"class_list":["post-1158402","post","type-post","status-publish","format-standard","has-post-thumbnail","category-international","tag-actualites","tag-faits-divers","tag-fr","tag-france","tag-incendie-dun-bar-a-crans-montana","tag-incendies","tag-international","tag-news","tag-world"],"share_on_mastodon":{"url":"https:\/\/pubeurope.com\/@fr\/117187801654475873","error":""},"_links":{"self":[{"href":"https:\/\/www.europesays.com\/fr\/wp-json\/wp\/v2\/posts\/1158402","targetHints":{"allow":["GET"]}}],"collection":[{"href":"https:\/\/www.europesays.com\/fr\/wp-json\/wp\/v2\/posts"}],"about":[{"href":"https:\/\/www.europesays.com\/fr\/wp-json\/wp\/v2\/types\/post"}],"author":[{"embeddable":true,"href":"https:\/\/www.europesays.com\/fr\/wp-json\/wp\/v2\/users\/2"}],"replies":[{"embeddable":true,"href":"https:\/\/www.europesays.com\/fr\/wp-json\/wp\/v2\/comments?post=1158402"}],"version-history":[{"count":0,"href":"https:\/\/www.europesays.com\/fr\/wp-json\/wp\/v2\/posts\/1158402\/revisions"}],"wp:featuredmedia":[{"embeddable":true,"href":"https:\/\/www.europesays.com\/fr\/wp-json\/wp\/v2\/media\/1158403"}],"wp:attachment":[{"href":"https:\/\/www.europesays.com\/fr\/wp-json\/wp\/v2\/media?parent=1158402"}],"wp:term":[{"taxonomy":"category","embeddable":true,"href":"https:\/\/www.europesays.com\/fr\/wp-json\/wp\/v2\/categories?post=1158402"},{"taxonomy":"post_tag","embeddable":true,"href":"https:\/\/www.europesays.com\/fr\/wp-json\/wp\/v2\/tags?post=1158402"}],"curies":[{"name":"wp","href":"https:\/\/api.w.org\/{rel}","templated":true}]}}