{"id":1158406,"date":"2026-08-31T02:40:31","date_gmt":"2026-08-31T02:40:31","guid":{"rendered":"https:\/\/www.europesays.com\/fr\/1158406\/"},"modified":"2026-08-31T02:40:31","modified_gmt":"2026-08-31T02:40:31","slug":"oui-je-suis-candidat-a-la-presidence-de-la-republique-confirme-olivier-faure-sur-tf1","status":"publish","type":"post","link":"https:\/\/www.europesays.com\/fr\/1158406\/","title":{"rendered":"\u00ab\u00a0Oui je suis candidat \u00e0 la pr\u00e9sidence de la R\u00e9publique\u00a0\u00bb, confirme Olivier Faure sur TF1"},"content":{"rendered":"<ul class=\"jsx-25100651 ArticleChapo__List\">\n<li class=\"jsx-25100651 ArticleChapo__List_Item flex\">Le premier secr\u00e9taire du Parti socialiste Olivier Faure a confirm\u00e9 ce dimanche sur TF1 qu&rsquo;il \u00e9tait \u00ab\u00a0candidat \u00e0 la pr\u00e9sidence de la R\u00e9publique\u00a0\u00bb.<\/li>\n<li class=\"jsx-25100651 ArticleChapo__List_Item flex\">Il l&rsquo;est dans le cadre de la primaire sociale-d\u00e9mocrate organis\u00e9e par le PS et Place publique, le mouvement de Rapha\u00ebl Glucksmann.<\/li>\n<li class=\"jsx-25100651 ArticleChapo__List_Item flex\">\u00ab\u00a0Mon obsession, c&rsquo;est que l&rsquo;ann\u00e9e prochaine nous ne finissions pas avec l&rsquo;h\u00e9riti\u00e8re de la dynastie Le Pen \u00e0 l&rsquo;\u00c9lys\u00e9e\u00a0\u00bb, a-t-il d\u00e9clar\u00e9.<\/li>\n<\/ul>\n<p><a href=\"https:\/\/www.tf1info.fr\/actualite\/election-presidentielle-2027-candidats-qui-succedera-a-emmanuel-macron-14524\/\" rel=\"nofollow noopener\" class=\"jsx-2067374227 Link jsx-2275206292 jsx-4113643505\" target=\"_blank\"><\/p>\n<p style=\"font-weight:400\" class=\"jsx-3580589320\">Suivez la couverture compl\u00e8te<\/p>\n<p style=\"font-weight:800\" class=\"jsx-3580589320\">\u00c9lection pr\u00e9sidentielle 2027 : la course aux candidatures est lanc\u00e9e<\/p>\n<p><\/a><a href=\"https:\/\/www.google.com\/preferences\/source?q=tf1info.fr\" class=\"jsx-2150648137 jsx-976369737 ActionButton ActionButton--withBorder\" rel=\"nofollow noopener\" target=\"_blank\"><\/p>\n<p> Ajoutez TF1info \u00e0 vos sources sur Google <\/p>\n<p><\/a><\/p>\n<p id=\"body-_R_17t7pm_-block-6\" data-module=\"article-paragraph\" class=\"jsx-2921227388 Paragraph Paragraph__End\">Il l&rsquo;avait annonc\u00e9 aux d\u00e9put\u00e9s PS, <a href=\"https:\/\/www.tf1info.fr\/politique\/olivier-faure-invite-du-jt-de-20h-de-tf1-inter-view-a-suivre-en-direct-video-ce-dimanche-30-aout-2026-2461228.html\" rel=\"nofollow noopener\" target=\"_blank\">il l&rsquo;a confirm\u00e9 sur le plateau du journal de 20H de TF1 ce dimanche 30 ao\u00fbt<\/a>. \u00ab\u00a0Oui je suis candidat \u00e0 la pr\u00e9sidence de la R\u00e9publique, et je le fais parce que je veux porter une France plus juste\u00a0\u00bb, a confirm\u00e9 Olivier Faure, candidat dans le cadre de la <a href=\"https:\/\/www.tf1info.fr\/politique\/candidats-dates-mode-de-scrutin-comment-la-primaire-du-ps-et-de-ses-allies-va-t-elle-se-derouler-2460299.html\" rel=\"nofollow noopener\" target=\"_blank\">primaire sociale-d\u00e9mocrate organis\u00e9e \u00e0 l&rsquo;automne par le PS et Place publique<\/a>, le mouvement de Rapha\u00ebl Glucksmann, lui aussi candidat.<\/p>\n<p><a href=\"https:\/\/www.tf1info.fr\/politique\/oui-je-suis-candidat-a-l-election-presidentielle-2027-confirme-raphael-glucksmann-place-publique-sur-tf1-2459966.html\" rel=\"nofollow noopener\" class=\"jsx-958316424 Link flex\" target=\"_blank\"><img decoding=\"async\" src=\"https:\/\/www.europesays.com\/fr\/wp-content\/uploads\/2026\/08\/raphael-glucksmann-candidature-presidentielle-2027-23-aout-2026-2249cb-0@1x.jpeg\" alt=\"Le copr\u00e9sident de Place publique et d\u00e9put\u00e9 europ\u00e9en Rapha\u00ebl Glucksmann sur le plateau de TF1, le 23 ao\u00fbt 2026\" loading=\"lazy\" importance=\"low\" fetchpriority=\"low\" class=\"\" copyright=\"AFP\" aria-hidden=\"true\"\/><\/p>\n<p class=\"jsx-4054529586 ReadMoreArticle__Title\">Lire aussi<\/p>\n<p class=\"jsx-4054529586\">\u00ab\u00a0Oui, je suis candidat \u00e0 l&rsquo;\u00e9lection pr\u00e9sidentielle\u00a0\u00bb, confirme Rapha\u00ebl Glucksmann sur TF1<\/p>\n<p><\/a><\/p>\n<p id=\"body-_R_17t7pm_-block-9\" data-module=\"article-paragraph\" class=\"jsx-2921227388 Paragraph\">Pourquoi Olivier Faure ne le soutient-il pas, alors que le d\u00e9put\u00e9 europ\u00e9en est mieux plac\u00e9 que lui dans les <a href=\"https:\/\/www.tf1info.fr\/politique\/sondage-lci-presidentielle-2027-marine-le-pen-elue-au-second-tour-dans-tous-les-cas-de-figure-les-resultats-de-notre-barometre-2460589.html\" rel=\"nofollow noopener\" target=\"_blank\">sondages<\/a> ? \u00ab\u00a0Si vous consid\u00e9rez que les sondages sont l&rsquo;\u00e9lection, arr\u00eatons les \u00e9lections. (&#8230;) S&rsquo;il avait fallu se fier aux sondages, Raymond Barre aurait \u00e9t\u00e9 \u00e9lu, \u00c9douard Balladur l&rsquo;aurait \u00e9t\u00e9 aussi, Alain Jupp\u00e9, Fran\u00e7ois Fillon et j&rsquo;en oublie\u00a0\u00bb, r\u00e9pond celui qui cite \u00e9galement Fran\u00e7ois Hollande. \u00ab\u00a0Rien ne se passe jamais comme pr\u00e9vu\u00a0\u00bb, ajoute-t-il.<\/p>\n<p data-module=\"article-paragraph\" class=\"jsx-2921227388 Paragraph\">Ensuite, le patron du PS a essay\u00e9 de se diff\u00e9rencier de Rapha\u00ebl Glucksmann en mettant en avant ses origines sociales modestes. \u00ab\u00a0Ma conscience politique est n\u00e9e de ma propre enfance. J&rsquo;ai grandi dans un quartier populaire (&#8230;) j&rsquo;ai d\u00e9couvert la mis\u00e8re, j&rsquo;ai vu le travail qui ne paie pas\u00a0\u00bb.\u00a0<\/p>\n<p data-module=\"article-paragraph\" class=\"jsx-2921227388 Paragraph Paragraph__End\">\u00ab\u00a0Je suis un enfant de la classe moyenne\u00a0\u00bb et \u00ab\u00a0je n&rsquo;ai jamais oubli\u00e9, c&rsquo;est la raison pour laquelle je me suis engag\u00e9\u00a0\u00bb. \u00ab\u00a0Je suis aussi un enfant de l&rsquo;immigration (&#8230;) et je me suis engag\u00e9 un jour en politique, tr\u00e8s jeune, contre le racisme\u00a0\u00bb, a d\u00e9velopp\u00e9 Olivier Faure.<\/p>\n<blockquote class=\"jsx-1755845245 Quote__Text\"><p>Je me bats contre la droite et contre l&rsquo;extr\u00eame droite<\/p><\/blockquote>\n<p>Olivier Faure<\/p>\n<p id=\"body-_R_17t7pm_-block-13\" data-module=\"article-paragraph\" class=\"jsx-2921227388 Paragraph\">Autre diff\u00e9rence majeure avec son adversaire : sa position vis-\u00e0-vis de La France insoumise, moins virulente. Interrog\u00e9 sur un possible rapprochement vers Jean-Luc M\u00e9lenchon en cours de campagne, le d\u00e9put\u00e9 du Val-de-Marne a r\u00e9pondu ainsi : \u00ab\u00a0Mon obsession c&rsquo;est que l&rsquo;ann\u00e9e prochaine nous ne finissions pas avec l&rsquo;h\u00e9riti\u00e8re de la dynastie Le Pen \u00e0 l&rsquo;\u00c9lys\u00e9e\u00a0\u00bb. Jean-Luc M\u00e9lenchon \u00ab\u00a0est candidat \u00e0 la pr\u00e9sidentielle, je suis candidat \u00e0 la pr\u00e9sidentielle, il n&rsquo;y a pas d&rsquo;accord possible\u00a0\u00bb, \u00ab\u00a0ce sont les \u00e9lecteurs et les \u00e9lectrices qui trancheront\u00a0\u00bb.\u00a0<\/p>\n<p data-module=\"article-paragraph\" class=\"jsx-2921227388 Paragraph\">\u00ab\u00a0Chaque chose en son temps, et moi ce que je fais, c&rsquo;est que je me bats contre l&rsquo;extr\u00eame droite. Je n&rsquo;en peux plus de cette gauche qui parle exclusivement d&rsquo;un combat avec la gauche, moi je me bats contre la droite et contre l&rsquo;extr\u00eame droite\u00a0\u00bb, a-t-il ajout\u00e9, quand Rapha\u00ebl Glucksmann est beaucoup plus cat\u00e9gorique dans son<a href=\"https:\/\/www.tf1info.fr\/politique\/en-direct-video-presidentielle-2027-raphael-glucksmann-invite-du-jt-de-20h-suivez-son-interview-sur-tf1-live-2459939.html\" rel=\"nofollow noopener\" target=\"_blank\"> refus d&rsquo;alliance avec LFI<\/a>.<\/p>\n<p data-module=\"article-paragraph\" class=\"jsx-2921227388 Paragraph Paragraph__End\">Sur le plan des mesures, Olivier Faure a pris soin d&rsquo;en distiller quelques-unes. Il souhaite \u00ab\u00a0une France dans laquelle chaque enfant puisse commencer \u00e0 \u00e9tudier le ventre plein\u00a0\u00bb et cr\u00e9er des \u00ab\u00a0classes d\u00e9couvertes pour tous\u00a0\u00bb. \u00ab\u00a0Je veux qu&rsquo;il ne soit plus possible de distribuer des dividendes quand l&rsquo;entreprise ne s&rsquo;engage pas r\u00e9solument dans la voie de sa propre r\u00e9novation \u00e9nerg\u00e9tique\u00a0\u00bb, a-t-il \u00e9galement indiqu\u00e9. Enfin, \u00ab\u00a0je veux que le Smic augmente\u00a0\u00bb.<\/p>\n","protected":false},"excerpt":{"rendered":"Le premier secr\u00e9taire du Parti socialiste Olivier Faure a confirm\u00e9 ce dimanche sur TF1 qu&rsquo;il \u00e9tait \u00ab\u00a0candidat \u00e0&hellip;\n","protected":false},"author":2,"featured_media":1158407,"comment_status":"","ping_status":"","sticky":false,"template":"","format":"standard","meta":{"footnotes":"","_share_on_mastodon":"0"},"categories":[2],"tags":[1111,11,1921,3079,117716,1011,27,1922,3081,2338,12,4393,3541,4289,15923,133,4530],"class_list":["post-1158406","post","type-post","status-publish","format-standard","has-post-thumbnail","category-actualites","tag-actu","tag-actualites","tag-article-video","tag-election-presidentielle-2027","tag-election-presidentielle-2027-la-course-aux-candidatures-est-lancee","tag-fr","tag-france","tag-info","tag-jean-luc-melenchon","tag-la-france-insoumise","tag-news","tag-olivier-faure","tag-parti-socialiste","tag-place-publique","tag-raphael-glucksmann","tag-video","tag-video-politique"],"share_on_mastodon":{"url":"https:\/\/pubeurope.com\/@fr\/117187815090986043","error":""},"_links":{"self":[{"href":"https:\/\/www.europesays.com\/fr\/wp-json\/wp\/v2\/posts\/1158406","targetHints":{"allow":["GET"]}}],"collection":[{"href":"https:\/\/www.europesays.com\/fr\/wp-json\/wp\/v2\/posts"}],"about":[{"href":"https:\/\/www.europesays.com\/fr\/wp-json\/wp\/v2\/types\/post"}],"author":[{"embeddable":true,"href":"https:\/\/www.europesays.com\/fr\/wp-json\/wp\/v2\/users\/2"}],"replies":[{"embeddable":true,"href":"https:\/\/www.europesays.com\/fr\/wp-json\/wp\/v2\/comments?post=1158406"}],"version-history":[{"count":0,"href":"https:\/\/www.europesays.com\/fr\/wp-json\/wp\/v2\/posts\/1158406\/revisions"}],"wp:featuredmedia":[{"embeddable":true,"href":"https:\/\/www.europesays.com\/fr\/wp-json\/wp\/v2\/media\/1158407"}],"wp:attachment":[{"href":"https:\/\/www.europesays.com\/fr\/wp-json\/wp\/v2\/media?parent=1158406"}],"wp:term":[{"taxonomy":"category","embeddable":true,"href":"https:\/\/www.europesays.com\/fr\/wp-json\/wp\/v2\/categories?post=1158406"},{"taxonomy":"post_tag","embeddable":true,"href":"https:\/\/www.europesays.com\/fr\/wp-json\/wp\/v2\/tags?post=1158406"}],"curies":[{"name":"wp","href":"https:\/\/api.w.org\/{rel}","templated":true}]}}